{"id":56313,"date":"2020-06-25T22:01:29","date_gmt":"2020-06-26T03:01:29","guid":{"rendered":"https:\/\/www.evafm.net\/sitio\/?p=56313"},"modified":"2020-06-25T22:01:29","modified_gmt":"2020-06-26T03:01:29","slug":"jaime-nebot-no-sera-candidato-presidencial-2021","status":"publish","type":"post","link":"https:\/\/www.evafm.net\/sitio\/jaime-nebot-no-sera-candidato-presidencial-2021\/","title":{"rendered":"Jaime Nebot no sera candidato Presidencial 2021"},"content":{"rendered":"<p>A trav\u00e9s de sus redes sociales,\u00a0<strong>el exalcalde de Guayaquil Jaime Nebot<\/strong> anunci\u00f3 este jueves que no ser\u00e1 candidato a la Presidencia de la Rep\u00fablica.<\/p>\n<p>por su partido, el Social Cristiano, en las elecciones generales del a\u00f1o pr\u00f3ximo.<\/p>\n<p>Incluso, Nebot mencion\u00f3 que no considerar\u00e1 ninguna otra candidatura para el resto de su vida pol\u00edtica.<\/p>\n<p>Nebot fue aspirante a la Primera Magistratura en 1992 y 1996.<\/p>\n<p>En ambas ocasiones pas\u00f3 a la segunda vuelta con\u00a0<strong>Sixto Dur\u00e1n-Ball\u00e9n y Abdal\u00e1 Bucaram<\/strong>, en su orden.<\/p>\n<p>Tambi\u00e9n ha sido diputado y gobernador del Guayas en el r\u00e9gimen de <strong>Le\u00f3n Febres-Cordero.<\/strong><\/p>\n<p>Desde que dej\u00f3 la Alcald\u00eda de la ciudad en mayo del 2019 asumi\u00f3 la<strong> presidencia del Comit\u00e9 del Bicentenario.<\/strong><\/p>\n<p>encargado de organizar los festejos por los 200 a\u00f1os de la Independencia de Guayaquil pero que se suspendieron por la emergencia sanitaria.<\/p>\n<p>Luego conform\u00f3 un Comit\u00e9 para colaborar con la atenci\u00f3n de enfermos del coronavirus en Guayaquil.<\/p>\n<p>\u00abNo basta un nuevo presidente, necesitamos un nuevo pa\u00eds, con un nuevo rumbo positivo y eficaz, tambi\u00e9n solidario, pero fundamentalmente estructurado y decidido solo por ustedes, el pueblo\u00bb, dijo en su intervenci\u00f3n.<\/p>\n<p>Se\u00f1al\u00f3 que ha mantenido conversaciones con miles de personas y representantes del sector agricultor, ganadero, turismo, industria, construcci\u00f3n, miner\u00eda, exportaci\u00f3n, artesan\u00edas, emprendimientos, polic\u00eda, entre otros.<\/p>\n<p>Ellos ser\u00e1n quienes, a nivel representativo, comenzar\u00e1n con el tr\u00e1mite para la consulta popular y presentar\u00e1n la solicitud de calificaci\u00f3n de las preguntas ante la Corte Constitucional. <strong>(I)<\/strong><\/p>\n<p>https:\/\/youtu.be\/NZLO0yR1tgk<\/p>\n<p>Fuente: evafm.net &#8211; youtube.com<\/p>\n<div class=\"gsp_post_data\" \r\n\t            data-post_type=\"post\" \r\n\t            data-cat=\"noticias-ecuador\" \r\n\t            data-modified=\"120\"\r\n\t            data-created=\"1593122489\"\r\n\t            data-title=\"Jaime Nebot no sera candidato Presidencial 2021\" \r\n\t            data-home=\"https:\/\/www.evafm.net\/sitio\"><\/div>","protected":false},"excerpt":{"rendered":"<p>A trav\u00e9s de sus redes sociales,\u00a0el exalcalde de Guayaquil Jaime Nebot anunci\u00f3 este jueves que no ser\u00e1 candidato a la Presidencia de la Rep\u00fablica. por su partido, el Social Cristiano, en las elecciones generales del a\u00f1o pr\u00f3ximo. Incluso, Nebot mencion\u00f3 que no considerar\u00e1 ninguna otra candidatura para el resto de su vida pol\u00edtica. Nebot fue&#8230;<\/p>\n","protected":false},"author":5,"featured_media":56314,"comment_status":"closed","ping_status":"open","sticky":false,"template":"","format":"standard","meta":{"_joinchat":[],"footnotes":""},"categories":[1558],"tags":[],"class_list":["post-56313","post","type-post","status-publish","format-standard","has-post-thumbnail","hentry","category-noticias-ecuador","have-post-thumb"],"_links":{"self":[{"href":"https:\/\/www.evafm.net\/sitio\/wp-json\/wp\/v2\/posts\/56313","targetHints":{"allow":["GET"]}}],"collection":[{"href":"https:\/\/www.evafm.net\/sitio\/wp-json\/wp\/v2\/posts"}],"about":[{"href":"https:\/\/www.evafm.net\/sitio\/wp-json\/wp\/v2\/types\/post"}],"author":[{"embeddable":true,"href":"https:\/\/www.evafm.net\/sitio\/wp-json\/wp\/v2\/users\/5"}],"replies":[{"embeddable":true,"href":"https:\/\/www.evafm.net\/sitio\/wp-json\/wp\/v2\/comments?post=56313"}],"version-history":[{"count":1,"href":"https:\/\/www.evafm.net\/sitio\/wp-json\/wp\/v2\/posts\/56313\/revisions"}],"predecessor-version":[{"id":56315,"href":"https:\/\/www.evafm.net\/sitio\/wp-json\/wp\/v2\/posts\/56313\/revisions\/56315"}],"wp:featuredmedia":[{"embeddable":true,"href":"https:\/\/www.evafm.net\/sitio\/wp-json\/wp\/v2\/media\/56314"}],"wp:attachment":[{"href":"https:\/\/www.evafm.net\/sitio\/wp-json\/wp\/v2\/media?parent=56313"}],"wp:term":[{"taxonomy":"category","embeddable":true,"href":"https:\/\/www.evafm.net\/sitio\/wp-json\/wp\/v2\/categories?post=56313"},{"taxonomy":"post_tag","embeddable":true,"href":"https:\/\/www.evafm.net\/sitio\/wp-json\/wp\/v2\/tags?post=56313"}],"curies":[{"name":"wp","href":"https:\/\/api.w.org\/{rel}","templated":true}]}}