{"id":59169,"date":"2020-10-14T14:23:23","date_gmt":"2020-10-14T19:23:23","guid":{"rendered":"https:\/\/www.evafm.net\/sitio\/?p=59169"},"modified":"2020-10-14T14:23:23","modified_gmt":"2020-10-14T19:23:23","slug":"jornada-1-de-la-segunda-etapa-de-la-liga-pro-2020","status":"publish","type":"post","link":"https:\/\/www.evafm.net\/sitio\/jornada-1-de-la-segunda-etapa-de-la-liga-pro-2020\/","title":{"rendered":"Jornada 1 de la segunda etapa de la Liga Pro 2020"},"content":{"rendered":"<p>La Serie A de la LigaPro se reanudar\u00e1 el\u00a0<strong>mi\u00e9rcoles 14 y jueves 15 de octubre<\/strong>, luego de una pausa de diez d\u00edas.<\/p>\n<p>A continuaci\u00f3n los siguientes partidos. <strong>(D)<\/strong><\/p>\n<h3 class=\"rtecenter\">Mushuc Runa vs. Independiente del Valle<\/h3>\n<p class=\"rtecenter\">Mi\u00e9rcoles 14 de octubre &#8211; 11:15<\/p>\n<p class=\"rtecenter\">Estadio Mushuc Runa<\/p>\n<p class=\"rtecenter\"><strong>Transmite:\u00a0<\/strong><em>GolTV<\/em><\/p>\n<p class=\"rtecenter\"><strong>\u00c1rbitros:<\/strong><\/p>\n<p class=\"rtecenter\">Carlos Orbe (central)<br \/>\n\u00c9dison V\u00e1squez (asistente 1)<br \/>\nF\u00e9lix Vera (asistente 2)<br \/>\nDiego Lara (4.\u00b0 \u00e1rbitro)<br \/>\nGiovani Puebla (comisario de juego)<\/p>\n<p class=\"rtecenter\">\n<h3 class=\"rtecenter\">Delf\u00edn vs. Aucas<\/h3>\n<p class=\"rtecenter\">Mi\u00e9rcoles 14 de octubre &#8211; 13:30<\/p>\n<p class=\"rtecenter\">Estadio Jocay (Manta, Manab\u00ed)<\/p>\n<p class=\"rtecenter\"><strong>Transmite:<\/strong>\u00a0<em>GolTV<\/em><\/p>\n<p class=\"rtecenter\"><strong>\u00c1rbitros:<\/strong><\/p>\n<p class=\"rtecenter\">Ren\u00e9 Mar\u00edn (central)<br \/>\nByron Romero (asistente 1)<br \/>\nPa\u00fal Palacios (asistente 2)<br \/>\n\u00c1lex Cajas (4.\u00b0 \u00e1rbitro)<br \/>\nR\u00f3mulo Mayancela (comisario de juego)<\/p>\n<p class=\"rtecenter\">\n<h3 class=\"rtecenter\">Liga de Quito vs. Deportivo Cuenca<\/h3>\n<p class=\"rtecenter\">Mi\u00e9rcoles 14 de octubre &#8211; 16:00<\/p>\n<p class=\"rtecenter\">Estadio Rodrigo Paz Delgado<\/p>\n<p class=\"rtecenter\"><strong>Transmite<\/strong>:\u00a0<em>GolTV<\/em><\/p>\n<p class=\"rtecenter\"><strong>\u00c1rbitros<\/strong>:<\/p>\n<p class=\"rtecenter\">Roberto S\u00e1nchez (central)<br \/>\nDavid Vacacela (asistente 1)<br \/>\nRicardo Valdiviezo (asistente 2)<br \/>\nMario Romero (4.\u00b0 \u00e1rbitro)<br \/>\nEst\u00e9fano Palacios (comisario de juego)<\/p>\n<p class=\"rtecenter\">\n<h3 class=\"rtecenter\">T\u00e9cnico Universitario vs. Barcelona Sporting Club<\/h3>\n<p class=\"rtecenter\">Mi\u00e9rcoles 14 de octubre &#8211; 18:30<\/p>\n<p class=\"rtecenter\">Estadio Bellavista<\/p>\n<p class=\"rtecenter\"><strong>Transmite<\/strong>:\u00a0<em>GolTV<\/em><\/p>\n<p class=\"rtecenter\"><strong>\u00c1rbitros<\/strong>:<\/p>\n<p class=\"rtecenter\">Marlon Vera (central)<br \/>\nDennys Guerrero (asistente 1)<br \/>\nJuan Aguiar (asistente 2)<br \/>\nRoddy Zambrano (4.\u00b0 \u00e1rbitro)<br \/>\nJorge Kaslin (comisario de juego)<\/p>\n<p class=\"rtecenter\">\n<h3 class=\"rtecenter\">Emelec vs. Orense<\/h3>\n<p class=\"rtecenter\">Mi\u00e9rcoles 14 de octubre &#8211; 21:00<\/p>\n<p class=\"rtecenter\">Estadio George Capwell<\/p>\n<p class=\"rtecenter\"><strong>Transmite<\/strong>:\u00a0<em>GolTV<\/em><\/p>\n<p class=\"rtecenter\"><strong>\u00c1rbitros<\/strong>:<\/p>\n<p class=\"rtecenter\">Augusto Arag\u00f3n (central)<br \/>\nRicardo Baren (asistente 1)<br \/>\nJos\u00e9 Alvarado (asistente 2)<br \/>\nJuan Andrade (4.\u00b0 \u00e1rbitro)<\/p>\n<p>Susana Marca (comisario de juego)<\/p>\n<p>&nbsp;<\/p>\n<h3 class=\"rtecenter\">Olmedo vs. Guayaquil City<\/h3>\n<p class=\"rtecenter\">Jueves 15 de octubre &#8211; 14:15<\/p>\n<p class=\"rtecenter\">Estadio Ol\u00edmpico de Riobamba<\/p>\n<p class=\"rtecenter\"><strong>Transmite<\/strong>:\u00a0<em>GolTV<\/em><\/p>\n<p class=\"rtecenter\"><strong>\u00c1rbitros<\/strong>:<\/p>\n<p class=\"rtecenter\">Luis Quiroz (central)<br \/>\nFlavio Nall (asistente 1)<br \/>\nGuillermo Parra (asistente 2)<br \/>\nJaime S\u00e1nchez (4.\u00b0 \u00e1rbitro)<br \/>\nGerm\u00e1n Salazar (comisario de juego)<\/p>\n<p class=\"rtecenter\">\n<h3 class=\"rtecenter\">Liga de Portoviejo vs. El Nacional<\/h3>\n<p class=\"rtecenter\">Jueves 15 de octubre &#8211; 16:30<\/p>\n<p class=\"rtecenter\">Estadio Reales Tamarindos<\/p>\n<p class=\"rtecenter\"><strong>Transmite<\/strong>:\u00a0<em>GolTV<\/em><\/p>\n<p class=\"rtecenter\"><strong>\u00c1rbitros<\/strong>:<\/p>\n<p class=\"rtecenter\">Guillermo Guerrero (central)<br \/>\nChristian Lescano (asistente 1)<br \/>\nEdwin Bravo (asistente 2)<br \/>\nHenri Arizaga (4.\u00b0 \u00e1rbitro)<br \/>\nElton Garc\u00eda (comisario de juego)<\/p>\n<p class=\"rtecenter\">\n<h3 class=\"rtecenter\">Universidad Cat\u00f3lica vs. Macar\u00e1<\/h3>\n<p class=\"rtecenter\">Jueves 15 de octubre &#8211; 19:00<\/p>\n<p class=\"rtecenter\">Estadio Ol\u00edmpico Atahualpa<\/p>\n<p class=\"rtecenter\"><strong>Transmite<\/strong>:\u00a0<em>GolTV<\/em><\/p>\n<p class=\"rtecenter\"><strong>\u00c1rbitros<\/strong>:<\/p>\n<p class=\"rtecenter\">Franklin Congo (central)<br \/>\nAndr\u00e9s Tola (asistente 1)<br \/>\nM\u00f3nica Amboya (asistente 2)<br \/>\nGabriel Gonz\u00e1lez (4.\u00b0 \u00e1rbitro)<br \/>\nDiana Cueva (comisario de juego)<\/p>\n<p class=\"rtecenter\">Fuente: evafm.net<\/p>\n<div class=\"gsp_post_data\" \r\n\t            data-post_type=\"post\" \r\n\t            data-cat=\"deportes-ecuador,general\" \r\n\t            data-modified=\"120\"\r\n\t            data-created=\"1602685403\"\r\n\t            data-title=\"Jornada 1 de la segunda etapa de la Liga Pro 2020\" \r\n\t            data-home=\"https:\/\/www.evafm.net\/sitio\"><\/div>","protected":false},"excerpt":{"rendered":"<p>La Serie A de la LigaPro se reanudar\u00e1 el\u00a0mi\u00e9rcoles 14 y jueves 15 de octubre, luego de una pausa de diez d\u00edas. A continuaci\u00f3n los siguientes partidos. (D) Mushuc Runa vs. Independiente del Valle Mi\u00e9rcoles 14 de octubre &#8211; 11:15 Estadio Mushuc Runa Transmite:\u00a0GolTV \u00c1rbitros: Carlos Orbe (central) \u00c9dison V\u00e1squez (asistente 1) F\u00e9lix Vera (asistente&#8230;<\/p>\n","protected":false},"author":5,"featured_media":59170,"comment_status":"closed","ping_status":"open","sticky":false,"template":"","format":"standard","meta":{"_joinchat":[],"footnotes":""},"categories":[1557,1720],"tags":[],"class_list":["post-59169","post","type-post","status-publish","format-standard","has-post-thumbnail","hentry","category-deportes-ecuador","category-general","have-post-thumb"],"_links":{"self":[{"href":"https:\/\/www.evafm.net\/sitio\/wp-json\/wp\/v2\/posts\/59169","targetHints":{"allow":["GET"]}}],"collection":[{"href":"https:\/\/www.evafm.net\/sitio\/wp-json\/wp\/v2\/posts"}],"about":[{"href":"https:\/\/www.evafm.net\/sitio\/wp-json\/wp\/v2\/types\/post"}],"author":[{"embeddable":true,"href":"https:\/\/www.evafm.net\/sitio\/wp-json\/wp\/v2\/users\/5"}],"replies":[{"embeddable":true,"href":"https:\/\/www.evafm.net\/sitio\/wp-json\/wp\/v2\/comments?post=59169"}],"version-history":[{"count":1,"href":"https:\/\/www.evafm.net\/sitio\/wp-json\/wp\/v2\/posts\/59169\/revisions"}],"predecessor-version":[{"id":59171,"href":"https:\/\/www.evafm.net\/sitio\/wp-json\/wp\/v2\/posts\/59169\/revisions\/59171"}],"wp:featuredmedia":[{"embeddable":true,"href":"https:\/\/www.evafm.net\/sitio\/wp-json\/wp\/v2\/media\/59170"}],"wp:attachment":[{"href":"https:\/\/www.evafm.net\/sitio\/wp-json\/wp\/v2\/media?parent=59169"}],"wp:term":[{"taxonomy":"category","embeddable":true,"href":"https:\/\/www.evafm.net\/sitio\/wp-json\/wp\/v2\/categories?post=59169"},{"taxonomy":"post_tag","embeddable":true,"href":"https:\/\/www.evafm.net\/sitio\/wp-json\/wp\/v2\/tags?post=59169"}],"curies":[{"name":"wp","href":"https:\/\/api.w.org\/{rel}","templated":true}]}}