{"id":59189,"date":"2020-10-14T23:05:50","date_gmt":"2020-10-15T04:05:50","guid":{"rendered":"https:\/\/www.evafm.net\/sitio\/?p=59189"},"modified":"2020-10-14T23:05:50","modified_gmt":"2020-10-15T04:05:50","slug":"el-penarol-busca-al-loco-alvez","status":"publish","type":"post","link":"https:\/\/www.evafm.net\/sitio\/el-penarol-busca-al-loco-alvez\/","title":{"rendered":"El Pe\u00f1arol busca al loco Alvez"},"content":{"rendered":"<p><strong>Jonatan \u00c1lvez, delantero de Barcelona SC<\/strong> es del inter\u00e9s del Pe\u00f1arol, as\u00ed lo confirm\u00f3 el propio DT del equipo, Mario Saralegui<\/p>\n<p>en una entrevista realizada en radio Sport 890 de Montevideo.<\/p>\n<p>El estratega expres\u00f3 haber tenido comunicaci\u00f3n con la gente del equipo \u2018torero\u2019:<\/p>\n<p><span class=\"css-901oao css-16my406 r-1qd0xha r-ad9z0x r-bcqeeo r-qvutc0\">Habl\u00e9 con el Presidente de Barcelona <strong>(Carlos Alfaro Moreno)<\/strong> por Jonatan \u00c1lvez, el jugador queda libre en diciembre y le deben una plata<\/span><\/p>\n<p><span class=\"css-901oao css-16my406 r-1qd0xha r-ad9z0x r-bcqeeo r-qvutc0\"> e<\/span>l jugador dice que le gustar\u00eda <strong>(ir a Pe\u00f1arol)<\/strong> pero ahora no era la prioridad de \u00e9l.<\/p>\n<p>Hasta el momento el goleador uruguayo tiene 4 anotaciones\u00a0 <strong>(2 en Copa Libertadores y 2 en Liga Pro)<\/strong> y de acuerdo a la informaci\u00f3n de los medios brasile\u00f1os.<\/p>\n<p>el <strong>Fluminense<\/strong> tambi\u00e9n se suma a los equipos interesados. <strong>(D)<\/strong><\/p>\n<p>&nbsp;<\/p>\n<p>Fuente: evafm.net<\/p>\n<div class=\"gsp_post_data\" \r\n\t            data-post_type=\"post\" \r\n\t            data-cat=\"deportes-internacionales\" \r\n\t            data-modified=\"120\"\r\n\t            data-created=\"1602716750\"\r\n\t            data-title=\"El Pe\u00f1arol busca al loco Alvez\" \r\n\t            data-home=\"https:\/\/www.evafm.net\/sitio\"><\/div>","protected":false},"excerpt":{"rendered":"<p>Jonatan \u00c1lvez, delantero de Barcelona SC es del inter\u00e9s del Pe\u00f1arol, as\u00ed lo confirm\u00f3 el propio DT del equipo, Mario Saralegui en una entrevista realizada en radio Sport 890 de Montevideo. El estratega expres\u00f3 haber tenido comunicaci\u00f3n con la gente del equipo \u2018torero\u2019: Habl\u00e9 con el Presidente de Barcelona (Carlos Alfaro Moreno) por Jonatan \u00c1lvez,&#8230;<\/p>\n","protected":false},"author":5,"featured_media":59190,"comment_status":"closed","ping_status":"open","sticky":false,"template":"","format":"standard","meta":{"_joinchat":[],"footnotes":""},"categories":[1342],"tags":[],"class_list":["post-59189","post","type-post","status-publish","format-standard","has-post-thumbnail","hentry","category-deportes-internacionales","have-post-thumb"],"_links":{"self":[{"href":"https:\/\/www.evafm.net\/sitio\/wp-json\/wp\/v2\/posts\/59189","targetHints":{"allow":["GET"]}}],"collection":[{"href":"https:\/\/www.evafm.net\/sitio\/wp-json\/wp\/v2\/posts"}],"about":[{"href":"https:\/\/www.evafm.net\/sitio\/wp-json\/wp\/v2\/types\/post"}],"author":[{"embeddable":true,"href":"https:\/\/www.evafm.net\/sitio\/wp-json\/wp\/v2\/users\/5"}],"replies":[{"embeddable":true,"href":"https:\/\/www.evafm.net\/sitio\/wp-json\/wp\/v2\/comments?post=59189"}],"version-history":[{"count":1,"href":"https:\/\/www.evafm.net\/sitio\/wp-json\/wp\/v2\/posts\/59189\/revisions"}],"predecessor-version":[{"id":59191,"href":"https:\/\/www.evafm.net\/sitio\/wp-json\/wp\/v2\/posts\/59189\/revisions\/59191"}],"wp:featuredmedia":[{"embeddable":true,"href":"https:\/\/www.evafm.net\/sitio\/wp-json\/wp\/v2\/media\/59190"}],"wp:attachment":[{"href":"https:\/\/www.evafm.net\/sitio\/wp-json\/wp\/v2\/media?parent=59189"}],"wp:term":[{"taxonomy":"category","embeddable":true,"href":"https:\/\/www.evafm.net\/sitio\/wp-json\/wp\/v2\/categories?post=59189"},{"taxonomy":"post_tag","embeddable":true,"href":"https:\/\/www.evafm.net\/sitio\/wp-json\/wp\/v2\/tags?post=59189"}],"curies":[{"name":"wp","href":"https:\/\/api.w.org\/{rel}","templated":true}]}}