{"id":59196,"date":"2020-10-15T18:12:59","date_gmt":"2020-10-15T23:12:59","guid":{"rendered":"https:\/\/www.evafm.net\/sitio\/?p=59196"},"modified":"2020-10-15T18:12:59","modified_gmt":"2020-10-15T23:12:59","slug":"john-cena-contrae-matrimonio-con-shay-shariatzadeh","status":"publish","type":"post","link":"https:\/\/www.evafm.net\/sitio\/john-cena-contrae-matrimonio-con-shay-shariatzadeh\/","title":{"rendered":"John Cena contrae matrimonio con Shay Shariatzadeh"},"content":{"rendered":"<p>Durante las \u00faltimas horas se ha revelado que\u00a0<strong>John Cena se ha casado con su prometida Shay Shariatzadeh<\/strong>. Mike Johnson, periodista de\u00a0<strong>PW Insider<\/strong><\/p>\n<p>ha sido el primero en dar informaci\u00f3n al respecto, asegurando que la pareja contrajo matrimonio el lunes 12 de octubre en Tampa, Florida.<\/p>\n<p>\u00abLa estrella y actor de WWE John Cena y Shay Shariatzadeh se casaron<strong>\u00a0el lunes 12 de octiubre en Florida<\/strong>\u00ab, escribi\u00f3 Mike Johnson.<\/p>\n<p>\u00abLa pareja se cas\u00f3 en Tampa. Se inform\u00f3 por primera vez que estaban juntos en marzo de 2019 y a principios de este a\u00f1o circularon historias de que se hab\u00edan comprometido\u00bb.<\/p>\n<p>Esta informaci\u00f3n ha sido contrastada en las \u00faltimas horas por la revista People.<\/p>\n<p>\u00abEl actor y luchador profesional se cas\u00f3 con su novia <strong>Shay Shariatzadeh<\/strong> en la oficina de un abogado el lunes en Tampa, Florida, seg\u00fan un certificado de matrimonio obtenido por PEOPLE\u00bb, informaron.<\/p>\n<p>\u00ab<strong>La pareja, que est\u00e1 vinculada desde marzo de 2019, obtuvo el viernes una licencia de matrimonio<\/strong>, seg\u00fan el documento\u00bb. <strong>(D)<\/strong><\/p>\n<p>Fuente: evafm.net<\/p>\n<div class=\"gsp_post_data\" \r\n\t            data-post_type=\"post\" \r\n\t            data-cat=\"farandula-internacional,general\" \r\n\t            data-modified=\"120\"\r\n\t            data-created=\"1602785579\"\r\n\t            data-title=\"John Cena contrae matrimonio con Shay Shariatzadeh\" \r\n\t            data-home=\"https:\/\/www.evafm.net\/sitio\"><\/div>","protected":false},"excerpt":{"rendered":"<p>Durante las \u00faltimas horas se ha revelado que\u00a0John Cena se ha casado con su prometida Shay Shariatzadeh. Mike Johnson, periodista de\u00a0PW Insider ha sido el primero en dar informaci\u00f3n al respecto, asegurando que la pareja contrajo matrimonio el lunes 12 de octubre en Tampa, Florida. \u00abLa estrella y actor de WWE John Cena y Shay&#8230;<\/p>\n","protected":false},"author":5,"featured_media":59197,"comment_status":"closed","ping_status":"open","sticky":false,"template":"","format":"standard","meta":{"_joinchat":[],"footnotes":""},"categories":[1346,1720],"tags":[],"class_list":["post-59196","post","type-post","status-publish","format-standard","has-post-thumbnail","hentry","category-farandula-internacional","category-general","have-post-thumb"],"_links":{"self":[{"href":"https:\/\/www.evafm.net\/sitio\/wp-json\/wp\/v2\/posts\/59196","targetHints":{"allow":["GET"]}}],"collection":[{"href":"https:\/\/www.evafm.net\/sitio\/wp-json\/wp\/v2\/posts"}],"about":[{"href":"https:\/\/www.evafm.net\/sitio\/wp-json\/wp\/v2\/types\/post"}],"author":[{"embeddable":true,"href":"https:\/\/www.evafm.net\/sitio\/wp-json\/wp\/v2\/users\/5"}],"replies":[{"embeddable":true,"href":"https:\/\/www.evafm.net\/sitio\/wp-json\/wp\/v2\/comments?post=59196"}],"version-history":[{"count":1,"href":"https:\/\/www.evafm.net\/sitio\/wp-json\/wp\/v2\/posts\/59196\/revisions"}],"predecessor-version":[{"id":59198,"href":"https:\/\/www.evafm.net\/sitio\/wp-json\/wp\/v2\/posts\/59196\/revisions\/59198"}],"wp:featuredmedia":[{"embeddable":true,"href":"https:\/\/www.evafm.net\/sitio\/wp-json\/wp\/v2\/media\/59197"}],"wp:attachment":[{"href":"https:\/\/www.evafm.net\/sitio\/wp-json\/wp\/v2\/media?parent=59196"}],"wp:term":[{"taxonomy":"category","embeddable":true,"href":"https:\/\/www.evafm.net\/sitio\/wp-json\/wp\/v2\/categories?post=59196"},{"taxonomy":"post_tag","embeddable":true,"href":"https:\/\/www.evafm.net\/sitio\/wp-json\/wp\/v2\/tags?post=59196"}],"curies":[{"name":"wp","href":"https:\/\/api.w.org\/{rel}","templated":true}]}}