{"id":59199,"date":"2020-10-15T18:29:49","date_gmt":"2020-10-15T23:29:49","guid":{"rendered":"https:\/\/www.evafm.net\/sitio\/?p=59199"},"modified":"2020-10-15T18:29:49","modified_gmt":"2020-10-15T23:29:49","slug":"edgardo-diaz-creador-de-menudo-se-defendio-de-acusaciones","status":"publish","type":"post","link":"https:\/\/www.evafm.net\/sitio\/edgardo-diaz-creador-de-menudo-se-defendio-de-acusaciones\/","title":{"rendered":"Edgardo D\u00edaz creador de Menudo se defendi\u00f3 de acusaciones"},"content":{"rendered":"<p class=\"font_tertiary paragraph\">Pese a que ya han pasados muchos a\u00f1os desde su disoluci\u00f3n,\u00a0<b>el grupo juvenil Menudo ha tenido un\u00a0<\/b><i><b>revival\u00a0<\/b><\/i><b>esta \u00faltima semana<\/b><\/p>\n<p class=\"font_tertiary paragraph\"><b> gracias al furor provocado por la serie reci\u00e9n estrenada\u00a0<\/b><i><b>S\u00fabete a mi moto.<\/b><\/i><\/p>\n<p class=\"font_tertiary paragraph\">\u00a0donde se relatan aspectos de la formaci\u00f3n y el desenvolvimiento de los integrantes en el mundo de la fama<\/p>\n<p class=\"font_tertiary paragraph\">que no fue poca pues <b>la banda vendi\u00f3 m\u00e1s de 20 millones de discos en sus a\u00f1os de gloria.<\/b><\/p>\n<p class=\"font_tertiary paragraph\">\u00a0y visit\u00f3 pa\u00edses como M\u00e9xico, Venezuela, Brasil, Jap\u00f3n, Filipinas y Per\u00fa, convirti\u00e9ndose en el primer gran \u00e9xito\u00a0<i>pop\u00a0<\/i>mundial emergido de la isla de Puerto Rico.<\/p>\n<p class=\"font_tertiary paragraph\">Ahora que Menudo volvi\u00f3 a colocarse en el punto de mira de la atenci\u00f3n medi\u00e1tica,\u00a0<b>han resurgido con fuerza los rumores oscuros en torno a la agrupaci\u00f3n.<\/b><\/p>\n<p class=\"font_tertiary paragraph\">\u00a0adem\u00e1s de las acusaciones frontales contra\u00a0<b>Edgardo D\u00edaz,<\/b>\u00a0manejador del conjunto, y sus allegados, quienes se encargaban del cuidado de los entonces adolescentes<\/p>\n<p class=\"font_tertiary paragraph\">y sus proyectos musicales que colocaron grandes\u00a0<i>hits<\/i>\u00a0en las radios de todo el continente.<\/p>\n<div class=\"inline | ad-wrapper display_flex align_items_center width_full justify_center\">\n<div class=\"dfpAd   \n            display_inline_block ad_margin_wrapper text--center\"><\/p>\n<div id=\"america\/entretenimiento\/nota\/inline\" class=\"america\/entretenimiento\/nota\/inline arcad\" data-google-query-id=\"CMu4u9Lct-wCFRPn4QodF-4K6Q\">\n<div id=\"google_ads_iframe_\/1058609\/america\/entretenimiento\/nota\/inline_0__container__\"><\/div>\n<\/div>\n<\/div>\n<\/div>\n<p class=\"font_tertiary paragraph\">Fue en el a\u00f1o de 2014, cuando\u00a0<b>Roy Rosell\u00f3, uno de los ex componentes de Menudo que lo integr\u00f3 de 1983 a 1986, ofreci\u00f3 su perd\u00f3n p\u00fablicamente al antiguo\u00a0<\/b><i><b>manager.<\/b><\/i><\/p>\n<p class=\"font_tertiary paragraph\">\u00a0asegurando que hab\u00eda sido v\u00edctima de explotaci\u00f3n y abusos, a los cuales habr\u00eda sometido a gran cantidad de j\u00f3venes tomando en cuenta que por la famosa\u00a0<i>boy band<\/i><\/p>\n<p class=\"font_tertiary paragraph\">\u00a0desfilaron m\u00e1s de 30 integrantes.<\/p>\n<p class=\"font_tertiary paragraph\">As\u00ed lo dijo Rosell\u00f3 en aquel momento:<\/p>\n<p class=\"font_tertiary paragraph\"><mark class=\"hl_yellow\"><b>\u201cS\u00ed, abusaron de m\u00ed. No he hablado de ello porque todo en esta vida tiene su momento, y ahora estoy espiritualmente listo para hablar. <\/b><\/mark><\/p>\n<p class=\"font_tertiary paragraph\"><mark class=\"hl_yellow\"><b>Edgardo D\u00edaz abus\u00f3 sexualmente de nosotros. <\/b><\/mark><\/p>\n<p class=\"font_tertiary paragraph\"><mark class=\"hl_yellow\"><b>Yo ten\u00eda 13 a\u00f1os y sucedi\u00f3 varias veces. Me amenaz\u00f3 dici\u00e9ndome que si me negaba a hacerlo me echar\u00eda del grupo\u201d<\/b><\/mark><\/p>\n<p class=\"font_tertiary paragraph\"><mark class=\"hl_yellow\"><b>declar\u00f3 el cantante en el programa brasile\u00f1o <\/b><i><b>Domingo show<\/b><\/i><b>\u00a0de la cadena\u00a0<\/b><i><b>R7 TV<\/b><\/i><b>.<\/b><\/mark><\/p>\n<p>&nbsp;<\/p>\n<p>&nbsp;<\/p>\n<p class=\"font_tertiary paragraph\">\u201cEstoy seguro de que otros miembros del grupo -dos o tres- tambi\u00e9n tuvieron que pasar por ello.<\/p>\n<p class=\"font_tertiary paragraph\">Fui el \u00fanico Menudo que no tuvo despedida oficial\u201d, agreg\u00f3 Rosell\u00f3, quien hizo referencia a una fiesta sobre la cual, seg\u00fan dijo, no hab\u00eda querido hablar.<\/p>\n<p>\u201cOrganizaron una fiesta en una mansi\u00f3n de Puerto Rico, y cuando llegu\u00e9 a la casa alguien me dijo que fuese a ver a Edgardo a su habitaci\u00f3n.<\/p>\n<p><b>Nunca se lo cont\u00e9 a mi familia, me daba verg\u00fcenza. En aquella \u00e9poca, Edgardo era muy poderoso, ten\u00eda muchos abogados. <\/b><\/p>\n<p><b>En esa fiesta, cuando llegu\u00e9 a la habitaci\u00f3n vi a Ricky Martin vestido de mujer<\/b>.<\/p>\n<p>Llam\u00e9 a Robi (Draco Rosa, otro integrante de Menudo), que vino y le dio un pu\u00f1o a Edgardo mientras yo sal\u00eda de all\u00ed corriendo.<\/p>\n<p>Llegu\u00e9 a la calle y me tumb\u00e9 en la carretera rezando para que un coche me atropellara\u201d, revel\u00f3 en aquella ocasi\u00f3n.<\/p>\n<p>&nbsp;<\/p>\n<p>Tras las fuertes revelaciones que cont\u00f3 Rosell\u00f3,\u00a0<b>el representante neg\u00f3 lo dicho a trav\u00e9s de un comunicado p\u00fablico.<\/b><\/p>\n<p>As\u00ed lo expres\u00f3 en aquel entonces:<\/p>\n<p>Mi trayectoria profesional y mi car\u00e1cter como individuo son incuestionables.<\/p>\n<p>Llevo muchos a\u00f1os trabajando en proyectos con familias que me han brindado su confianza por la seriedad de mis ejecutorias.<\/p>\n<p>No voy a pasar lo que me resta de vida defendi\u00e9ndome y respondiendo a acusaciones. La vida es solo una y yo la vivo en paz. <strong>(E)<\/strong><\/p>\n<p><img fetchpriority=\"high\" decoding=\"async\" class=\"\" src=\"https:\/\/www.infobae.com\/new-resizer\/uSQQgO4dWu7xEmmC9R6kRGK_GcY=\/420x236\/filters:format(jpg):quality(85)\/\/arc-anglerfish-arc2-prod-infobae.s3.amazonaws.com\/public\/GGPDNGTZZBCRRESYTKSIFO4J5I\" alt=\" Roy Rosell\u00f3 ha sido el \u00fanico integrante que acus\u00f3 frontalmente a Edgardo D\u00edaz (Foto: Archivo)\" width=\"683\" height=\"384\" \/><\/p>\n<p>Roy Rosell\u00f3 ha sido el \u00fanico integrante que acus\u00f3 frontalmente a Edgardo D\u00edaz (Foto: Archivo)<\/p>\n<p>Fuente: evafm.net<\/p>\n<div class=\"gsp_post_data\" \r\n\t            data-post_type=\"post\" \r\n\t            data-cat=\"farandula-internacional\" \r\n\t            data-modified=\"120\"\r\n\t            data-created=\"1602786589\"\r\n\t            data-title=\"Edgardo D\u00edaz creador de Menudo se defendi\u00f3 de acusaciones\" \r\n\t            data-home=\"https:\/\/www.evafm.net\/sitio\"><\/div>","protected":false},"excerpt":{"rendered":"<p>Pese a que ya han pasados muchos a\u00f1os desde su disoluci\u00f3n,\u00a0el grupo juvenil Menudo ha tenido un\u00a0revival\u00a0esta \u00faltima semana gracias al furor provocado por la serie reci\u00e9n estrenada\u00a0S\u00fabete a mi moto. \u00a0donde se relatan aspectos de la formaci\u00f3n y el desenvolvimiento de los integrantes en el mundo de la fama que no fue poca pues&#8230;<\/p>\n","protected":false},"author":5,"featured_media":59200,"comment_status":"closed","ping_status":"open","sticky":false,"template":"","format":"standard","meta":{"_joinchat":[],"footnotes":""},"categories":[1346],"tags":[],"class_list":["post-59199","post","type-post","status-publish","format-standard","has-post-thumbnail","hentry","category-farandula-internacional","have-post-thumb"],"_links":{"self":[{"href":"https:\/\/www.evafm.net\/sitio\/wp-json\/wp\/v2\/posts\/59199","targetHints":{"allow":["GET"]}}],"collection":[{"href":"https:\/\/www.evafm.net\/sitio\/wp-json\/wp\/v2\/posts"}],"about":[{"href":"https:\/\/www.evafm.net\/sitio\/wp-json\/wp\/v2\/types\/post"}],"author":[{"embeddable":true,"href":"https:\/\/www.evafm.net\/sitio\/wp-json\/wp\/v2\/users\/5"}],"replies":[{"embeddable":true,"href":"https:\/\/www.evafm.net\/sitio\/wp-json\/wp\/v2\/comments?post=59199"}],"version-history":[{"count":1,"href":"https:\/\/www.evafm.net\/sitio\/wp-json\/wp\/v2\/posts\/59199\/revisions"}],"predecessor-version":[{"id":59201,"href":"https:\/\/www.evafm.net\/sitio\/wp-json\/wp\/v2\/posts\/59199\/revisions\/59201"}],"wp:featuredmedia":[{"embeddable":true,"href":"https:\/\/www.evafm.net\/sitio\/wp-json\/wp\/v2\/media\/59200"}],"wp:attachment":[{"href":"https:\/\/www.evafm.net\/sitio\/wp-json\/wp\/v2\/media?parent=59199"}],"wp:term":[{"taxonomy":"category","embeddable":true,"href":"https:\/\/www.evafm.net\/sitio\/wp-json\/wp\/v2\/categories?post=59199"},{"taxonomy":"post_tag","embeddable":true,"href":"https:\/\/www.evafm.net\/sitio\/wp-json\/wp\/v2\/tags?post=59199"}],"curies":[{"name":"wp","href":"https:\/\/api.w.org\/{rel}","templated":true}]}}