{"id":59202,"date":"2020-10-15T20:38:18","date_gmt":"2020-10-16T01:38:18","guid":{"rendered":"https:\/\/www.evafm.net\/sitio\/?p=59202"},"modified":"2020-10-15T22:00:28","modified_gmt":"2020-10-16T03:00:28","slug":"jhonatan-narvaez-y-su-brillante-victoria-giro-de-italia","status":"publish","type":"post","link":"https:\/\/www.evafm.net\/sitio\/jhonatan-narvaez-y-su-brillante-victoria-giro-de-italia\/","title":{"rendered":"Jhonatan Narv\u00e1ez y su brillante victoria Giro de Italia"},"content":{"rendered":"<p>Que \u00abEcuador est\u00e1 de moda en el Giro de Italia\u00bb, dijo el diario espa\u00f1ol\u00a0<em>As<\/em>\u00a0luego de la brillante victoria del tricolor\u00a0<strong>Jhonatan Narv\u00e1ez<\/strong><\/p>\n<p>en un d\u00eda muy duro, marcado por el fr\u00edo, la lluvia y el viento en la <strong>etapa 12 de la ronda italiana de 204 kil\u00f3metros.<\/strong><\/p>\n<p>El <strong>sucumbisense<\/strong> arrib\u00f3 en solitario a la meta en un tiempo de<strong> 5 h 31 min 24 s.<\/strong><\/p>\n<div id=\"boletineseudfp\"><\/div>\n<p>Narv\u00e1ez dio al equipo brit\u00e1nico Ineos Grenadiers su tercera victoria en la presente edici\u00f3n, despu\u00e9s de las dos logradas por Filippo Ganna.<\/p>\n<p>Tambi\u00e9n la segunda para Ecuador en este Giro, luego de la de\u00a0<strong>Jonathan Caicedo<\/strong><\/p>\n<p>en la tercera etapa; la tercera para el pa\u00eds despu\u00e9s de la haza\u00f1a de<strong>\u00a0Richard Carapaz<\/strong>\u00a0en 2019 y la quinta etapa de ecuatorianos en la Corsa Rosa.<\/p>\n<p>\u00abUna naci\u00f3n de moda en la Corsa Rosa, ya que <strong>Richard Carapaz s<\/strong>e convirti\u00f3 el curso pasado en el primero procedente de su pa\u00eds en conquistar la carrera\u00bb<\/p>\n<p>destaca <em>As<\/em>\u00a0en su versi\u00f3n digital, al tiempo que la\u00a0<em>Gazzetta dello Sport<\/em>\u00a0valora la consagraci\u00f3n del ecuatoriano en una jornada<\/p>\n<p>marcada por condiciones meteorol\u00f3gicas poco favorables para el l\u00edder de la carrera, el portugu\u00e9s Joao Almeida (Deceuninck Quick-Step)<\/p>\n<p>quien a pesar de su noveno puesto hoy conserva el\u00a0<em>maillot\u00a0<\/em>rosa.<\/p>\n<p>El peri\u00f3dico\u00a0<em>Marca<\/em>, por su parte, publica que Jhonatan Narv\u00e1ez <strong>\u00abagranda la gloria de Ecuador\u00bb<\/strong> en la ciudad natal del\u00a0<em>Pirata<\/em>\u00a0Marco Pantani, fallecido hace 16 a\u00f1os.<\/p>\n<p>En el tercer triunfo para el ciclismo ecuatoriano en el Giro de Italia, el sucumbisense Narv\u00e1ez vuelve a celebrar en <strong>Emilia-Romagna<\/strong><\/p>\n<p>tras ganar una etapa y la clasificaci\u00f3n general en la Semana Internacional de Coppi y Bartali el 4 de septiembre pasado.<strong> (D)<\/strong><\/p>\n<p>Fuente: evafm.net<\/p>\n<div class=\"gsp_post_data\" \r\n\t            data-post_type=\"post\" \r\n\t            data-cat=\"deportes-internacionales,general\" \r\n\t            data-modified=\"120\"\r\n\t            data-created=\"1602794298\"\r\n\t            data-title=\"Jhonatan Narv\u00e1ez y su brillante victoria Giro de Italia\" \r\n\t            data-home=\"https:\/\/www.evafm.net\/sitio\"><\/div>","protected":false},"excerpt":{"rendered":"<p>Que \u00abEcuador est\u00e1 de moda en el Giro de Italia\u00bb, dijo el diario espa\u00f1ol\u00a0As\u00a0luego de la brillante victoria del tricolor\u00a0Jhonatan Narv\u00e1ez en un d\u00eda muy duro, marcado por el fr\u00edo, la lluvia y el viento en la etapa 12 de la ronda italiana de 204 kil\u00f3metros. El sucumbisense arrib\u00f3 en solitario a la meta en&#8230;<\/p>\n","protected":false},"author":5,"featured_media":59203,"comment_status":"closed","ping_status":"open","sticky":false,"template":"","format":"standard","meta":{"_joinchat":[],"footnotes":""},"categories":[1342,1720],"tags":[],"class_list":["post-59202","post","type-post","status-publish","format-standard","has-post-thumbnail","hentry","category-deportes-internacionales","category-general","have-post-thumb"],"_links":{"self":[{"href":"https:\/\/www.evafm.net\/sitio\/wp-json\/wp\/v2\/posts\/59202","targetHints":{"allow":["GET"]}}],"collection":[{"href":"https:\/\/www.evafm.net\/sitio\/wp-json\/wp\/v2\/posts"}],"about":[{"href":"https:\/\/www.evafm.net\/sitio\/wp-json\/wp\/v2\/types\/post"}],"author":[{"embeddable":true,"href":"https:\/\/www.evafm.net\/sitio\/wp-json\/wp\/v2\/users\/5"}],"replies":[{"embeddable":true,"href":"https:\/\/www.evafm.net\/sitio\/wp-json\/wp\/v2\/comments?post=59202"}],"version-history":[{"count":1,"href":"https:\/\/www.evafm.net\/sitio\/wp-json\/wp\/v2\/posts\/59202\/revisions"}],"predecessor-version":[{"id":59204,"href":"https:\/\/www.evafm.net\/sitio\/wp-json\/wp\/v2\/posts\/59202\/revisions\/59204"}],"wp:featuredmedia":[{"embeddable":true,"href":"https:\/\/www.evafm.net\/sitio\/wp-json\/wp\/v2\/media\/59203"}],"wp:attachment":[{"href":"https:\/\/www.evafm.net\/sitio\/wp-json\/wp\/v2\/media?parent=59202"}],"wp:term":[{"taxonomy":"category","embeddable":true,"href":"https:\/\/www.evafm.net\/sitio\/wp-json\/wp\/v2\/categories?post=59202"},{"taxonomy":"post_tag","embeddable":true,"href":"https:\/\/www.evafm.net\/sitio\/wp-json\/wp\/v2\/tags?post=59202"}],"curies":[{"name":"wp","href":"https:\/\/api.w.org\/{rel}","templated":true}]}}