{"id":59214,"date":"2020-10-15T21:48:27","date_gmt":"2020-10-16T02:48:27","guid":{"rendered":"https:\/\/www.evafm.net\/sitio\/?p=59214"},"modified":"2020-10-15T21:48:27","modified_gmt":"2020-10-16T02:48:27","slug":"nuevos-creditos-para-mipymes-reciben-el-financiamiento-del-banco-mundial","status":"publish","type":"post","link":"https:\/\/www.evafm.net\/sitio\/nuevos-creditos-para-mipymes-reciben-el-financiamiento-del-banco-mundial\/","title":{"rendered":"Nuevos cr\u00e9ditos para mipymes reciben el financiamiento del Banco Mundial"},"content":{"rendered":"<p>La Corporaci\u00f3n Financiera Nacional <strong>(CFN)<\/strong> recibi\u00f3 un primer desembolso de un total de<strong> 260 millones de d\u00f3lares<\/strong><\/p>\n<p>que ser\u00e1n destinados para el proyecto de financiamiento para las micro, peque\u00f1as y medianas empresas.<\/p>\n<p>El anuncio se dio este jueves 15 de octubre en rueda de prensa ofrecida por el gerente general de la corporaci\u00f3n, <strong>Eduardo Gonz\u00e1lez<\/strong><\/p>\n<p>y el presidente del directorio de la entidad<strong>, Roberto Dunn Su\u00e1rez.<\/strong><\/p>\n<div id=\"boletineseudfp\"><\/div>\n<p>Gonz\u00e1lez se\u00f1al\u00f3 que la semana pasada el Banco Mundial desembols\u00f3 120 millones d\u00f3lares de la l\u00ednea de cr\u00e9dito de 260 millones de d\u00f3lares que gestion\u00f3 la<strong> CFN.<\/strong><\/p>\n<p>Los fondos restantes del siguiente desembolso se colocar\u00e1n aproximadamente hasta el primer trimestre del 2021.<\/p>\n<p>Expres\u00f3 que la corporaci\u00f3n otorgar\u00e1 recursos a bancos y cooperativas de ahorro y cr\u00e9dito para que sean el veh\u00edculo de financiamiento a las mipymes.<\/p>\n<p>Las entidades financieras que accedan al cr\u00e9dito cumplir\u00e1n con lineamientos proporcionados por el Banco Mundial, entre ellos, contar con sistemas de gesti\u00f3n ambiental y social.<\/p>\n<p>Este financiamiento ser\u00e1 otorgado por un plazo m\u00e1ximo de ocho a\u00f1os y un periodo de gracia parcial de dos a\u00f1os.<\/p>\n<p>En esta primera fase participar\u00e1n unas 15 instituciones financieras y al momento ya hay cinco que est\u00e1n calificadas, seg\u00fan el presidente del directorio de la CFN.<\/p>\n<p>&nbsp;<\/p>\n<p>Agreg\u00f3 que tambi\u00e9n trabajan en otros fondos adicionales, tales como organismos multilaterales como <strong>KFW<\/strong> que es el Banco de Desarrollo Alem\u00e1n<\/p>\n<p>y <strong>AIIB<\/strong> que es el Banco Asi\u00e1tico de Inversi\u00f3n e Infraestructura, que ser\u00e1n orientados para un primer piso. <strong>(I)<\/strong><\/p>\n<p>&nbsp;<\/p>\n<p>Fuente: evafm.net<\/p>\n<div class=\"gsp_post_data\" \r\n\t            data-post_type=\"post\" \r\n\t            data-cat=\"general,noticias-ecuador\" \r\n\t            data-modified=\"120\"\r\n\t            data-created=\"1602798507\"\r\n\t            data-title=\"Nuevos cr\u00e9ditos para mipymes reciben el financiamiento del Banco Mundial\" \r\n\t            data-home=\"https:\/\/www.evafm.net\/sitio\"><\/div>","protected":false},"excerpt":{"rendered":"<p>La Corporaci\u00f3n Financiera Nacional (CFN) recibi\u00f3 un primer desembolso de un total de 260 millones de d\u00f3lares que ser\u00e1n destinados para el proyecto de financiamiento para las micro, peque\u00f1as y medianas empresas. El anuncio se dio este jueves 15 de octubre en rueda de prensa ofrecida por el gerente general de la corporaci\u00f3n, Eduardo Gonz\u00e1lez&#8230;<\/p>\n","protected":false},"author":5,"featured_media":59215,"comment_status":"closed","ping_status":"open","sticky":false,"template":"","format":"standard","meta":{"_joinchat":[],"footnotes":""},"categories":[1720,1558],"tags":[],"class_list":["post-59214","post","type-post","status-publish","format-standard","has-post-thumbnail","hentry","category-general","category-noticias-ecuador","have-post-thumb"],"_links":{"self":[{"href":"https:\/\/www.evafm.net\/sitio\/wp-json\/wp\/v2\/posts\/59214","targetHints":{"allow":["GET"]}}],"collection":[{"href":"https:\/\/www.evafm.net\/sitio\/wp-json\/wp\/v2\/posts"}],"about":[{"href":"https:\/\/www.evafm.net\/sitio\/wp-json\/wp\/v2\/types\/post"}],"author":[{"embeddable":true,"href":"https:\/\/www.evafm.net\/sitio\/wp-json\/wp\/v2\/users\/5"}],"replies":[{"embeddable":true,"href":"https:\/\/www.evafm.net\/sitio\/wp-json\/wp\/v2\/comments?post=59214"}],"version-history":[{"count":1,"href":"https:\/\/www.evafm.net\/sitio\/wp-json\/wp\/v2\/posts\/59214\/revisions"}],"predecessor-version":[{"id":59216,"href":"https:\/\/www.evafm.net\/sitio\/wp-json\/wp\/v2\/posts\/59214\/revisions\/59216"}],"wp:featuredmedia":[{"embeddable":true,"href":"https:\/\/www.evafm.net\/sitio\/wp-json\/wp\/v2\/media\/59215"}],"wp:attachment":[{"href":"https:\/\/www.evafm.net\/sitio\/wp-json\/wp\/v2\/media?parent=59214"}],"wp:term":[{"taxonomy":"category","embeddable":true,"href":"https:\/\/www.evafm.net\/sitio\/wp-json\/wp\/v2\/categories?post=59214"},{"taxonomy":"post_tag","embeddable":true,"href":"https:\/\/www.evafm.net\/sitio\/wp-json\/wp\/v2\/tags?post=59214"}],"curies":[{"name":"wp","href":"https:\/\/api.w.org\/{rel}","templated":true}]}}