{"id":59221,"date":"2020-10-16T18:33:21","date_gmt":"2020-10-16T23:33:21","guid":{"rendered":"https:\/\/www.evafm.net\/sitio\/?p=59221"},"modified":"2020-10-16T18:33:21","modified_gmt":"2020-10-16T23:33:21","slug":"fecha-2-de-la-segunda-etapa-de-la-serie-a-liga-pro","status":"publish","type":"post","link":"https:\/\/www.evafm.net\/sitio\/fecha-2-de-la-segunda-etapa-de-la-serie-a-liga-pro\/","title":{"rendered":"Fecha 2 de la segunda etapa de la Serie A &#8211; Liga Pro &#8211;"},"content":{"rendered":"<p>La\u00a0segunda jornada de la etapa II de la Liga Profesional\u00a0de Ecuador iniciar\u00e1 el <strong>s\u00e1bado 17 de octubre y finalizar\u00e1 el lunes 19.\u00a0<\/strong><\/p>\n<p>A continuaci\u00f3n loas siguientes partidos. <strong>(D)<\/strong><\/p>\n<h3 class=\"rtecenter\">S\u00e1bado 17 de octubre<\/h3>\n<h3 class=\"rtecenter\">Aucas vs. T\u00e9cnico Universitario<\/h3>\n<p>Estadio: Gozalo Pozo Ripalda<\/p>\n<p>Hora: 14h30<\/p>\n<h3 class=\"rtecenter\">Independiente del Valle vs. Liga de Quito<\/h3>\n<p>Estadio: Ol\u00edmpico Atahualpa<\/p>\n<p>Hora: 17h00<\/p>\n<h3 class=\"rtecenter\">Barcelona SC vs. Delf\u00edn<\/h3>\n<p>Estadio: Monumental<\/p>\n<p>Hora: 19h30<\/p>\n<h3><\/h3>\n<h3 class=\"rtecenter\">Domingo 18 de octubre<\/h3>\n<h3 class=\"rtecenter\">El Nacional vs. Mushuc Runa<\/h3>\n<p>Estadio: Ol\u00edmpico Atahualpa<\/p>\n<p>Hora: 13h00<\/p>\n<h3 class=\"rtecenter\">Macar\u00e1 vs. Olmedo<\/h3>\n<p>Estadio: Bellavista<\/p>\n<p>Hora: 18h00<\/p>\n<h3><\/h3>\n<h3 class=\"rtecenter\">Lunes 19 de octubre<\/h3>\n<h3 class=\"rtecenter\">Guayaquil City vs. Emelec<\/h3>\n<p>Estadio: Christian Benitez Betancourt<\/p>\n<p>Hora: 15h30<\/p>\n<h3 class=\"rtecenter\">Deportivo Cuenca vs. Liga de Portoviejo<\/h3>\n<p>Estadio: Alejandro Serrano Aguilar<\/p>\n<p>Hora: 18h00<\/p>\n<p>&nbsp;<\/p>\n<p>Fuente: evafm.net<\/p>\n<div class=\"gsp_post_data\" \r\n\t            data-post_type=\"post\" \r\n\t            data-cat=\"deportes-ecuador,general\" \r\n\t            data-modified=\"120\"\r\n\t            data-created=\"1602873201\"\r\n\t            data-title=\"Fecha 2 de la segunda etapa de la Serie A &#8211; Liga Pro &#8211;\" \r\n\t            data-home=\"https:\/\/www.evafm.net\/sitio\"><\/div>","protected":false},"excerpt":{"rendered":"<p>La\u00a0segunda jornada de la etapa II de la Liga Profesional\u00a0de Ecuador iniciar\u00e1 el s\u00e1bado 17 de octubre y finalizar\u00e1 el lunes 19.\u00a0 A continuaci\u00f3n loas siguientes partidos. (D) S\u00e1bado 17 de octubre Aucas vs. T\u00e9cnico Universitario Estadio: Gozalo Pozo Ripalda Hora: 14h30 Independiente del Valle vs. Liga de Quito Estadio: Ol\u00edmpico Atahualpa Hora: 17h00 Barcelona&#8230;<\/p>\n","protected":false},"author":5,"featured_media":59222,"comment_status":"closed","ping_status":"open","sticky":false,"template":"","format":"standard","meta":{"_joinchat":[],"footnotes":""},"categories":[1557,1720],"tags":[],"class_list":["post-59221","post","type-post","status-publish","format-standard","has-post-thumbnail","hentry","category-deportes-ecuador","category-general","have-post-thumb"],"_links":{"self":[{"href":"https:\/\/www.evafm.net\/sitio\/wp-json\/wp\/v2\/posts\/59221","targetHints":{"allow":["GET"]}}],"collection":[{"href":"https:\/\/www.evafm.net\/sitio\/wp-json\/wp\/v2\/posts"}],"about":[{"href":"https:\/\/www.evafm.net\/sitio\/wp-json\/wp\/v2\/types\/post"}],"author":[{"embeddable":true,"href":"https:\/\/www.evafm.net\/sitio\/wp-json\/wp\/v2\/users\/5"}],"replies":[{"embeddable":true,"href":"https:\/\/www.evafm.net\/sitio\/wp-json\/wp\/v2\/comments?post=59221"}],"version-history":[{"count":1,"href":"https:\/\/www.evafm.net\/sitio\/wp-json\/wp\/v2\/posts\/59221\/revisions"}],"predecessor-version":[{"id":59223,"href":"https:\/\/www.evafm.net\/sitio\/wp-json\/wp\/v2\/posts\/59221\/revisions\/59223"}],"wp:featuredmedia":[{"embeddable":true,"href":"https:\/\/www.evafm.net\/sitio\/wp-json\/wp\/v2\/media\/59222"}],"wp:attachment":[{"href":"https:\/\/www.evafm.net\/sitio\/wp-json\/wp\/v2\/media?parent=59221"}],"wp:term":[{"taxonomy":"category","embeddable":true,"href":"https:\/\/www.evafm.net\/sitio\/wp-json\/wp\/v2\/categories?post=59221"},{"taxonomy":"post_tag","embeddable":true,"href":"https:\/\/www.evafm.net\/sitio\/wp-json\/wp\/v2\/tags?post=59221"}],"curies":[{"name":"wp","href":"https:\/\/api.w.org\/{rel}","templated":true}]}}