{"id":59227,"date":"2020-10-16T21:48:15","date_gmt":"2020-10-17T02:48:15","guid":{"rendered":"https:\/\/www.evafm.net\/sitio\/?p=59227"},"modified":"2020-10-16T21:48:15","modified_gmt":"2020-10-17T02:48:15","slug":"un-nuevo-escandalo-sacude-a-los-carabineros-chilenos","status":"publish","type":"post","link":"https:\/\/www.evafm.net\/sitio\/un-nuevo-escandalo-sacude-a-los-carabineros-chilenos\/","title":{"rendered":"Un nuevo esc\u00e1ndalo sacude a los Carabineros chilenos"},"content":{"rendered":"<p class=\"font_tertiary paragraph\">Durante los meses de protestas masivas en Chile, un hombre comenz\u00f3 a\u00a0<b>ganarse la confianza<\/b>\u00a0de los vecinos<\/p>\n<p class=\"font_tertiary paragraph\">e integrantes de organizaciones territoriales de la comuna de Pe\u00f1alol\u00e9n, un municipio que forma parte de la regi\u00f3n metropolitana de Santiago.<\/p>\n<p class=\"font_tertiary paragraph\">El hombre se mostraba amable, colaborando con entusiasmo en la preparaci\u00f3n de<b>\u00a0<\/b>ollas comunes<b>\u00a0<\/b>y el reparto de mercader\u00eda entre los m\u00e1s necesitados de la localidad.<\/p>\n<p class=\"font_tertiary paragraph\">Tambi\u00e9n fue, seg\u00fan quienes lo conocieron, un activo incitador a enfrentarse\u00bbcon los pacos\u00bb, t\u00e9rmino peyorativo usado en el pa\u00eds para referirse a las fuerzas de seguridad.<\/p>\n<p class=\"font_tertiary paragraph\"><b>Contaba que hab\u00eda integrado \u201cla primera l\u00ednea\u201d. <\/b><\/p>\n<p class=\"font_tertiary paragraph\"><b>Es decir,<\/b>\u00a0que integraba los grupos que asisten a la mayor\u00eda de las manifestaciones y, en muchas de ellas, se enfrentan a la polic\u00eda abastecidos de piedras<\/p>\n<p class=\"font_tertiary paragraph\">y bombas incendiarias artesanales.<\/p>\n<div class=\"Ad_1 | ad-wrapper display_flex align_items_center width_full justify_center\">\n<div class=\"\"><\/div>\n<\/div>\n<p class=\"font_tertiary paragraph\">Sin embargo, el jueves los residentes de Pe\u00f1alol\u00e9n se vieron sorprendidos luego de que su<b> \u201ccombativo vecino\u201d apareciera en un programa de televisi\u00f3n y<\/b><\/p>\n<p class=\"font_tertiary paragraph\"><b> al aparecer su nombre,<\/b>\u00a0este no correspondiera al que les hab\u00eda dado.<\/p>\n<p class=\"font_tertiary paragraph\">No obstante, el estupor fue a\u00fan mayor cuando indicara que era<b>\u00a0un cabo de Carabineros<\/b>.<\/p>\n<div class=\"inline | ad-wrapper display_flex align_items_center width_full justify_center\">\n<div class=\"dfpAd   \n            display_inline_block ad_margin_wrapper text--center\"><\/p>\n<div id=\"america\/america_latina\/nota\/inline\" class=\"america\/america_latina\/nota\/inline arcad\" data-google-query-id=\"CPGYiZ7NuuwCFQMAwwodYJsObw\">\n<div id=\"google_ads_iframe_\/1058609\/america\/america_latina\/nota\/inline_0__container__\"><\/div>\n<\/div>\n<\/div>\n<\/div>\n<p class=\"font_tertiary paragraph\">Los residentes comunicaron la informaci\u00f3n al Centro de Investigaci\u00f3n Period\u00edstica (CIPER), que ha denunciado de manera constante irregularidades en la criticada instituci\u00f3n.<\/p>\n<p class=\"font_tertiary paragraph\">En un informe, el medio indic\u00f3 que se reservar\u00eda la verdadera identidad del polic\u00eda.<\/p>\n<p class=\"font_tertiary paragraph\">Pero no el nombre con el cual se present\u00f3 delante de los vecinos:\u00a0<b>Giovany Ar\u00e9valo \u00c1lvarez.<\/b><\/p>\n<div class=\"Ad_2 | ad-wrapper display_flex align_items_center width_full justify_center\">\n<div class=\"\"><\/div>\n<\/div>\n<p class=\"font_tertiary paragraph\">En distintos testimonios, quienes lo conocieron bajo su alias indicaron\u00a0 que una de las cosas que m\u00e1s llamaba la atenci\u00f3n eran<\/p>\n<p class=\"font_tertiary paragraph\"><b>sus constantes deseos de planificar ataques contra la polic\u00eda,<\/b>\u00a0desarrollando planes y f\u00f3rmulas para <strong>\u201csorprenderlos desprevenidos\u00bb.<\/strong><\/p>\n<p class=\"font_tertiary paragraph\">Numerosas pruebas de las intervenciones del Carabinero en su rol de infiltrado quedaron registradas en los grupos de WhatsApp de las organizaciones en las que hab\u00eda logrado ingresar.<\/p>\n<div class=\"Ad_3 | ad-wrapper display_flex align_items_center width_full justify_center\">\n<div class=\"\"><\/div>\n<\/div>\n<p class=\"font_tertiary paragraph\">Supuestamente proven\u00eda de Antofagasta y, por su participaci\u00f3n en des\u00f3rdenes del estallido social en la ciudad, conoc\u00eda distintas t\u00e1cticas para llevar a cabo<b>\u00a0ataques contra los uniformados.\u00a0<\/b>Uno de sus planes m\u00e1s atrevidos fue la realizaci\u00f3n de un ataque sorpresa a la subcomisar\u00eda de la Poblaci\u00f3n Lo Hermida, en Pe\u00f1alol\u00e9n. <strong>(I)<\/strong><\/p>\n<p>&nbsp;<\/p>\n<p><img fetchpriority=\"high\" decoding=\"async\" class=\"\" src=\"https:\/\/www.infobae.com\/new-resizer\/EykxdwvWuJO6usysXPURhytgtu4=\/420x420\/filters:format(jpg):quality(85)\/\/cloudfront-us-east-1.images.arcpublishing.com\/infobae\/6PGHWTBCHVDLZM6U2XT32Z564U.jpg\" alt=\"Pantallazo de WhatsApp con foto compartida por el agente encubierto al grupo de la organizaci\u00f3n social que intervino\" width=\"770\" height=\"770\" \/><\/p>\n<p>&nbsp;<\/p>\n<p>&nbsp;<\/p>\n<p>&nbsp;<\/p>\n<p>Fuente: evafm.net<\/p>\n<p>&nbsp;<\/p>\n<div class=\"gsp_post_data\" \r\n\t            data-post_type=\"post\" \r\n\t            data-cat=\"general,noticias-internacionales\" \r\n\t            data-modified=\"120\"\r\n\t            data-created=\"1602884895\"\r\n\t            data-title=\"Un nuevo esc\u00e1ndalo sacude a los Carabineros chilenos\" \r\n\t            data-home=\"https:\/\/www.evafm.net\/sitio\"><\/div>","protected":false},"excerpt":{"rendered":"<p>Durante los meses de protestas masivas en Chile, un hombre comenz\u00f3 a\u00a0ganarse la confianza\u00a0de los vecinos e integrantes de organizaciones territoriales de la comuna de Pe\u00f1alol\u00e9n, un municipio que forma parte de la regi\u00f3n metropolitana de Santiago. El hombre se mostraba amable, colaborando con entusiasmo en la preparaci\u00f3n de\u00a0ollas comunes\u00a0y el reparto de mercader\u00eda entre&#8230;<\/p>\n","protected":false},"author":5,"featured_media":59228,"comment_status":"closed","ping_status":"open","sticky":false,"template":"","format":"standard","meta":{"_joinchat":[],"footnotes":""},"categories":[1720,1345],"tags":[],"class_list":["post-59227","post","type-post","status-publish","format-standard","has-post-thumbnail","hentry","category-general","category-noticias-internacionales","have-post-thumb"],"_links":{"self":[{"href":"https:\/\/www.evafm.net\/sitio\/wp-json\/wp\/v2\/posts\/59227","targetHints":{"allow":["GET"]}}],"collection":[{"href":"https:\/\/www.evafm.net\/sitio\/wp-json\/wp\/v2\/posts"}],"about":[{"href":"https:\/\/www.evafm.net\/sitio\/wp-json\/wp\/v2\/types\/post"}],"author":[{"embeddable":true,"href":"https:\/\/www.evafm.net\/sitio\/wp-json\/wp\/v2\/users\/5"}],"replies":[{"embeddable":true,"href":"https:\/\/www.evafm.net\/sitio\/wp-json\/wp\/v2\/comments?post=59227"}],"version-history":[{"count":1,"href":"https:\/\/www.evafm.net\/sitio\/wp-json\/wp\/v2\/posts\/59227\/revisions"}],"predecessor-version":[{"id":59229,"href":"https:\/\/www.evafm.net\/sitio\/wp-json\/wp\/v2\/posts\/59227\/revisions\/59229"}],"wp:featuredmedia":[{"embeddable":true,"href":"https:\/\/www.evafm.net\/sitio\/wp-json\/wp\/v2\/media\/59228"}],"wp:attachment":[{"href":"https:\/\/www.evafm.net\/sitio\/wp-json\/wp\/v2\/media?parent=59227"}],"wp:term":[{"taxonomy":"category","embeddable":true,"href":"https:\/\/www.evafm.net\/sitio\/wp-json\/wp\/v2\/categories?post=59227"},{"taxonomy":"post_tag","embeddable":true,"href":"https:\/\/www.evafm.net\/sitio\/wp-json\/wp\/v2\/tags?post=59227"}],"curies":[{"name":"wp","href":"https:\/\/api.w.org\/{rel}","templated":true}]}}