{"id":59230,"date":"2020-10-16T21:59:33","date_gmt":"2020-10-17T02:59:33","guid":{"rendered":"https:\/\/www.evafm.net\/sitio\/?p=59230"},"modified":"2020-10-16T21:59:33","modified_gmt":"2020-10-17T02:59:33","slug":"johan-padilla-se-desvinculo-de-el-nacional-y-lo-explica-en-esta-carta","status":"publish","type":"post","link":"https:\/\/www.evafm.net\/sitio\/johan-padilla-se-desvinculo-de-el-nacional-y-lo-explica-en-esta-carta\/","title":{"rendered":"Johan Padilla se desvincul\u00f3 de El Nacional y lo explica en esta carta"},"content":{"rendered":"<p align=\"justify\">La situaci\u00f3n de Johan Padilla con El Nacionalse remonta a finales de 2019 y principios del 2020.<\/p>\n<p align=\"justify\">Los valores impagos, problemas con la dirigencia y entredichos desde ambas partes, han terminado con la desvinculaci\u00f3n definitiva<\/p>\n<p align=\"justify\">de quien hab\u00eda sido un estandarte en los \u00faltimos a\u00f1os para el cuadro &#8216;militar&#8217;.<\/p>\n<p align=\"justify\">Johan Padilla, mediante una carta, dio a conocer los detalles legales de su desvinculaci\u00f3n del club, los motivos y sustentos para tomar la decisi\u00f3n.<\/p>\n<p align=\"justify\">De igual forma se despidi\u00f3 de la hinchada roja. Aqu\u00ed la carta: <strong>(D)<\/strong><\/p>\n<p align=\"justify\"><img fetchpriority=\"high\" decoding=\"async\" class=\"\" src=\"https:\/\/pbs.twimg.com\/media\/EkfSKIAUcAAEODQ?format=jpg&amp;name=large\" alt=\"Imagen\" width=\"1067\" height=\"1067\" \/><\/p>\n<p align=\"justify\">Fuente: evafm.net<\/p>\n<div class=\"gsp_post_data\" \r\n\t            data-post_type=\"post\" \r\n\t            data-cat=\"deportes-ecuador,general\" \r\n\t            data-modified=\"120\"\r\n\t            data-created=\"1602885573\"\r\n\t            data-title=\"Johan Padilla se desvincul\u00f3 de El Nacional y lo explica en esta carta\" \r\n\t            data-home=\"https:\/\/www.evafm.net\/sitio\"><\/div>","protected":false},"excerpt":{"rendered":"<p>La situaci\u00f3n de Johan Padilla con El Nacionalse remonta a finales de 2019 y principios del 2020. Los valores impagos, problemas con la dirigencia y entredichos desde ambas partes, han terminado con la desvinculaci\u00f3n definitiva de quien hab\u00eda sido un estandarte en los \u00faltimos a\u00f1os para el cuadro &#8216;militar&#8217;. Johan Padilla, mediante una carta, dio&#8230;<\/p>\n","protected":false},"author":5,"featured_media":59231,"comment_status":"closed","ping_status":"open","sticky":false,"template":"","format":"standard","meta":{"_joinchat":[],"footnotes":""},"categories":[1557,1720],"tags":[],"class_list":["post-59230","post","type-post","status-publish","format-standard","has-post-thumbnail","hentry","category-deportes-ecuador","category-general","have-post-thumb"],"_links":{"self":[{"href":"https:\/\/www.evafm.net\/sitio\/wp-json\/wp\/v2\/posts\/59230","targetHints":{"allow":["GET"]}}],"collection":[{"href":"https:\/\/www.evafm.net\/sitio\/wp-json\/wp\/v2\/posts"}],"about":[{"href":"https:\/\/www.evafm.net\/sitio\/wp-json\/wp\/v2\/types\/post"}],"author":[{"embeddable":true,"href":"https:\/\/www.evafm.net\/sitio\/wp-json\/wp\/v2\/users\/5"}],"replies":[{"embeddable":true,"href":"https:\/\/www.evafm.net\/sitio\/wp-json\/wp\/v2\/comments?post=59230"}],"version-history":[{"count":1,"href":"https:\/\/www.evafm.net\/sitio\/wp-json\/wp\/v2\/posts\/59230\/revisions"}],"predecessor-version":[{"id":59232,"href":"https:\/\/www.evafm.net\/sitio\/wp-json\/wp\/v2\/posts\/59230\/revisions\/59232"}],"wp:featuredmedia":[{"embeddable":true,"href":"https:\/\/www.evafm.net\/sitio\/wp-json\/wp\/v2\/media\/59231"}],"wp:attachment":[{"href":"https:\/\/www.evafm.net\/sitio\/wp-json\/wp\/v2\/media?parent=59230"}],"wp:term":[{"taxonomy":"category","embeddable":true,"href":"https:\/\/www.evafm.net\/sitio\/wp-json\/wp\/v2\/categories?post=59230"},{"taxonomy":"post_tag","embeddable":true,"href":"https:\/\/www.evafm.net\/sitio\/wp-json\/wp\/v2\/tags?post=59230"}],"curies":[{"name":"wp","href":"https:\/\/api.w.org\/{rel}","templated":true}]}}