{"id":59233,"date":"2020-10-16T22:12:25","date_gmt":"2020-10-17T03:12:25","guid":{"rendered":"https:\/\/www.evafm.net\/sitio\/?p=59233"},"modified":"2020-10-16T22:12:25","modified_gmt":"2020-10-17T03:12:25","slug":"se-viene-festival-internacional-de-cine-de-morelia","status":"publish","type":"post","link":"https:\/\/www.evafm.net\/sitio\/se-viene-festival-internacional-de-cine-de-morelia\/","title":{"rendered":"Se viene Festival Internacional de Cine de Morelia"},"content":{"rendered":"<p class=\"letter-capitular\">La pr\u00f3xima edici\u00f3n del<strong>\u00a0Festival Internacional de Cine de Morelia<\/strong>\u00a0<strong>ser\u00e1 innovadora y a la vez mantendr\u00e1 su esencia<\/strong><\/p>\n<p class=\"letter-capitular\">\u00a0como impulsora del cine mexicano, con un\u00a0<strong>acceso h\u00edbrido a su selecci\u00f3n a trav\u00e9s de funciones presenciales y en l\u00ednea<\/strong><\/p>\n<p class=\"letter-capitular\">\u00a0y la participaci\u00f3n del director <strong>Alejandro Gonz\u00e1lez I\u00f1\u00e1rritu,<\/strong> quien viajar\u00e1 a Morelia para presentar `<strong>`Amores perros\u00bb.<\/strong><\/p>\n<p>La pel\u00edcula de Gonz\u00e1lez I\u00f1\u00e1rritu, que este a\u00f1o llega a su 20mo aniversario, inaugurar\u00e1 el festival con una versi\u00f3n restaurada.<\/p>\n<p><strong>Hay un antes y un despu\u00e9s en el cine mexicano, antes y despu\u00e9s de `Amores perros&#8217;<\/strong>\u00bb<\/p>\n<p>dijo la directora del <strong>FICM, Daniela Michel<\/strong>, en conferencia de prensa.<\/p>\n<p>Para m\u00ed es muy importante que en este momento de crisis Alejandro nos presente esta pel\u00edcula y de alguna manera nosotros tambi\u00e9n<\/p>\n<p>hemos hecho todo lo posible por continuar apoyando de la misma manera como lo hemos ido haciendo a los cineastas mexicanos\u00bb.<\/p>\n<p>&nbsp;<\/p>\n<p>Siguiendo el esp\u00edritu de la edici\u00f3n especial, el director y actor estadounidense Matt Dillon presentar\u00e1 de manera virtual su documental &#8216;El gran Fellove&#8217;<\/p>\n<p>sobre el m\u00fasico cubano <strong>Francisco Fellove.<\/strong><\/p>\n<p>Otra de las cintas que se estrenar\u00e1 en l\u00ednea es<strong> &#8216;Hijo de monarcas&#8217;\u00a0de Alexis Gambis,<\/strong> un filme rodado principalmente en el estado de Michoac\u00e1n<\/p>\n<p>donde cada a\u00f1o se celebra el festival.<\/p>\n<p><strong>La 18va edici\u00f3n del FICM<\/strong> se llevar\u00e1 a cabo del <strong>28 de octubre al 1 de noviembre en cines de Morelia<\/strong><\/p>\n<p>pero tambi\u00e9n habr\u00e1 funciones disponibles para el p\u00fablico general en Canal 22, Cin\u00e9polis Klic y FilminLatino.<\/p>\n<p>De igual manera<strong>\u00a0habr\u00e1 plataformas especiales para miembros de la prensa y de la industria cinematogr\u00e1fica.<\/strong><\/p>\n<p>A esta oferta se suma la selecci\u00f3n de cortometraje mexicano en l\u00ednea, compuesta por 40 cortos de la selecci\u00f3n oficial disponibles de manera gratuita en la p\u00e1gina del festival. <strong>(E)<\/strong><\/p>\n<p>Fuente: evafm.net<\/p>\n<div class=\"gsp_post_data\" \r\n\t            data-post_type=\"post\" \r\n\t            data-cat=\"espectaculos,general\" \r\n\t            data-modified=\"120\"\r\n\t            data-created=\"1602886345\"\r\n\t            data-title=\"Se viene Festival Internacional de Cine de Morelia\" \r\n\t            data-home=\"https:\/\/www.evafm.net\/sitio\"><\/div>","protected":false},"excerpt":{"rendered":"<p>La pr\u00f3xima edici\u00f3n del\u00a0Festival Internacional de Cine de Morelia\u00a0ser\u00e1 innovadora y a la vez mantendr\u00e1 su esencia \u00a0como impulsora del cine mexicano, con un\u00a0acceso h\u00edbrido a su selecci\u00f3n a trav\u00e9s de funciones presenciales y en l\u00ednea \u00a0y la participaci\u00f3n del director Alejandro Gonz\u00e1lez I\u00f1\u00e1rritu, quien viajar\u00e1 a Morelia para presentar \u00abAmores perros\u00bb. La pel\u00edcula de&#8230;<\/p>\n","protected":false},"author":5,"featured_media":59234,"comment_status":"closed","ping_status":"open","sticky":false,"template":"","format":"standard","meta":{"_joinchat":[],"footnotes":""},"categories":[4,1720],"tags":[],"class_list":["post-59233","post","type-post","status-publish","format-standard","has-post-thumbnail","hentry","category-espectaculos","category-general","have-post-thumb"],"_links":{"self":[{"href":"https:\/\/www.evafm.net\/sitio\/wp-json\/wp\/v2\/posts\/59233","targetHints":{"allow":["GET"]}}],"collection":[{"href":"https:\/\/www.evafm.net\/sitio\/wp-json\/wp\/v2\/posts"}],"about":[{"href":"https:\/\/www.evafm.net\/sitio\/wp-json\/wp\/v2\/types\/post"}],"author":[{"embeddable":true,"href":"https:\/\/www.evafm.net\/sitio\/wp-json\/wp\/v2\/users\/5"}],"replies":[{"embeddable":true,"href":"https:\/\/www.evafm.net\/sitio\/wp-json\/wp\/v2\/comments?post=59233"}],"version-history":[{"count":1,"href":"https:\/\/www.evafm.net\/sitio\/wp-json\/wp\/v2\/posts\/59233\/revisions"}],"predecessor-version":[{"id":59235,"href":"https:\/\/www.evafm.net\/sitio\/wp-json\/wp\/v2\/posts\/59233\/revisions\/59235"}],"wp:featuredmedia":[{"embeddable":true,"href":"https:\/\/www.evafm.net\/sitio\/wp-json\/wp\/v2\/media\/59234"}],"wp:attachment":[{"href":"https:\/\/www.evafm.net\/sitio\/wp-json\/wp\/v2\/media?parent=59233"}],"wp:term":[{"taxonomy":"category","embeddable":true,"href":"https:\/\/www.evafm.net\/sitio\/wp-json\/wp\/v2\/categories?post=59233"},{"taxonomy":"post_tag","embeddable":true,"href":"https:\/\/www.evafm.net\/sitio\/wp-json\/wp\/v2\/tags?post=59233"}],"curies":[{"name":"wp","href":"https:\/\/api.w.org\/{rel}","templated":true}]}}