{"id":59241,"date":"2020-10-17T15:16:50","date_gmt":"2020-10-17T20:16:50","guid":{"rendered":"https:\/\/www.evafm.net\/sitio\/?p=59241"},"modified":"2020-10-17T15:16:50","modified_gmt":"2020-10-17T20:16:50","slug":"salud-del-papa-francisco-en-peligro-por-aumento-de-contagios-en-el-vaticano","status":"publish","type":"post","link":"https:\/\/www.evafm.net\/sitio\/salud-del-papa-francisco-en-peligro-por-aumento-de-contagios-en-el-vaticano\/","title":{"rendered":"Salud del papa Francisco en peligro por aumento de contagios en el Vaticano"},"content":{"rendered":"<p class=\"selectionShareable\">La tensi\u00f3n comienza a crecer en Europa por el repunte de casos de contagio.<strong>\u00a0El Vaticano<\/strong>\u00a0no pod\u00eda ser la excepci\u00f3n, precisamente la guardia del papa Francisco<\/p>\n<p class=\"selectionShareable\">tambi\u00e9n se\u00a0ha\u00a0visto afectada con el crecimiento de casos positivos.<\/p>\n<p class=\"selectionShareable\"><strong>Otros siete guardias suizos han dado positivo por coronavirus, con lo que ya son once los miembros de este Ej\u00e9rcito del Vaticano<\/strong><\/p>\n<p class=\"selectionShareable\"><strong> que se han contagiado<\/strong>.<\/p>\n<p class=\"selectionShareable\">Los infectados han sido aislados y puestos en cuarentena, y se han iniciado nuevos controles para tratar de evitar que los contagios se extiendan.<\/p>\n<p class=\"selectionShareable\"><em>\u00abComo resultado de los controles realizados en los \u00faltimos d\u00edas, otros siete guardias suizos dieron positivo. <\/em><\/p>\n<p class=\"selectionShareable\"><em>Esto aumenta el n\u00famero a once guardias enfermos\u00bb<\/em>, inform\u00f3 el portal de noticias<strong>\u00a0Vatican News.<\/strong><\/p>\n<p class=\"selectionShareable\">La Guardia Suiza ha adoptado otras medidas \u00abpara excluir cualquier riesgo de contagio en los lugares donde est\u00e1 sirviendo\u00bb este Ej\u00e9rcito pontificio.<\/p>\n<p>El pasado 4 de octubre se celebr\u00f3 la ceremonia de juramento de los 38 nuevos reclutas para intregrarlos en el peque\u00f1o Ej\u00e9rcito, que cuenta con 135 guardias.<\/p>\n<p class=\"selectionShareable\">El pasado martes, el Gobierno del Vaticano emiti\u00f3 una normativa para que los superiores de los entes de la Santa Sede.<\/p>\n<p class=\"selectionShareable\">Esta obliga al uso de la mascarilla dentro del Estado pontificio y en sus sedes extraterritoriales, unos territorios y edificios de Roma sobre los que tiene jurisdicci\u00f3n.<\/p>\n<p class=\"selectionShareable\">Ser\u00e1 obligatoria \u00abcotidianamente en todos los lugares al aire libre y tambi\u00e9n en los espacios de trabajo en los que la distancia no pueda ser garantizada siempre\u00bb<\/p>\n<p class=\"selectionShareable\">se lee en el documento, que insiste adem\u00e1s en la necesidad de respetar las normas higi\u00e9nicas.<\/p>\n<p class=\"selectionShareable\"><strong>Durante la primera ola de la pandemia se comunic\u00f3 una decena de casos en el peque\u00f1o Estado papal. (I)<\/strong><\/p>\n<p>&nbsp;<\/p>\n<p>Fuente: evafm.net<\/p>\n<div class=\"gsp_post_data\" \r\n\t            data-post_type=\"post\" \r\n\t            data-cat=\"general,noticias-internacionales\" \r\n\t            data-modified=\"120\"\r\n\t            data-created=\"1602947810\"\r\n\t            data-title=\"Salud del papa Francisco en peligro por aumento de contagios en el Vaticano\" \r\n\t            data-home=\"https:\/\/www.evafm.net\/sitio\"><\/div>","protected":false},"excerpt":{"rendered":"<p>La tensi\u00f3n comienza a crecer en Europa por el repunte de casos de contagio.\u00a0El Vaticano\u00a0no pod\u00eda ser la excepci\u00f3n, precisamente la guardia del papa Francisco tambi\u00e9n se\u00a0ha\u00a0visto afectada con el crecimiento de casos positivos. Otros siete guardias suizos han dado positivo por coronavirus, con lo que ya son once los miembros de este Ej\u00e9rcito del&#8230;<\/p>\n","protected":false},"author":5,"featured_media":59242,"comment_status":"closed","ping_status":"open","sticky":false,"template":"","format":"standard","meta":{"_joinchat":[],"footnotes":""},"categories":[1720,1345],"tags":[],"class_list":["post-59241","post","type-post","status-publish","format-standard","has-post-thumbnail","hentry","category-general","category-noticias-internacionales","have-post-thumb"],"_links":{"self":[{"href":"https:\/\/www.evafm.net\/sitio\/wp-json\/wp\/v2\/posts\/59241","targetHints":{"allow":["GET"]}}],"collection":[{"href":"https:\/\/www.evafm.net\/sitio\/wp-json\/wp\/v2\/posts"}],"about":[{"href":"https:\/\/www.evafm.net\/sitio\/wp-json\/wp\/v2\/types\/post"}],"author":[{"embeddable":true,"href":"https:\/\/www.evafm.net\/sitio\/wp-json\/wp\/v2\/users\/5"}],"replies":[{"embeddable":true,"href":"https:\/\/www.evafm.net\/sitio\/wp-json\/wp\/v2\/comments?post=59241"}],"version-history":[{"count":1,"href":"https:\/\/www.evafm.net\/sitio\/wp-json\/wp\/v2\/posts\/59241\/revisions"}],"predecessor-version":[{"id":59243,"href":"https:\/\/www.evafm.net\/sitio\/wp-json\/wp\/v2\/posts\/59241\/revisions\/59243"}],"wp:featuredmedia":[{"embeddable":true,"href":"https:\/\/www.evafm.net\/sitio\/wp-json\/wp\/v2\/media\/59242"}],"wp:attachment":[{"href":"https:\/\/www.evafm.net\/sitio\/wp-json\/wp\/v2\/media?parent=59241"}],"wp:term":[{"taxonomy":"category","embeddable":true,"href":"https:\/\/www.evafm.net\/sitio\/wp-json\/wp\/v2\/categories?post=59241"},{"taxonomy":"post_tag","embeddable":true,"href":"https:\/\/www.evafm.net\/sitio\/wp-json\/wp\/v2\/tags?post=59241"}],"curies":[{"name":"wp","href":"https:\/\/api.w.org\/{rel}","templated":true}]}}