{"id":59654,"date":"2020-11-07T17:05:31","date_gmt":"2020-11-07T22:05:31","guid":{"rendered":"https:\/\/www.evafm.net\/sitio\/?p=59654"},"modified":"2020-11-07T17:05:31","modified_gmt":"2020-11-07T22:05:31","slug":"primoz-roglic-retuvo-el-titulo-richard-carapaz-quedo-segundo","status":"publish","type":"post","link":"https:\/\/www.evafm.net\/sitio\/primoz-roglic-retuvo-el-titulo-richard-carapaz-quedo-segundo\/","title":{"rendered":"Primoz Roglic retuvo el t\u00edtulo Richard Carapaz quedo segundo"},"content":{"rendered":"<div class=\"location-event\">Quito &#8211;<\/div>\n<p>La edici\u00f3n 75.\u00aa de\u00a0<strong>La Vuelta a Espa\u00f1a tiene ganador: Primoz Roglic (Jubo-Visma)<\/strong>, esloveno que pudo retener el t\u00edtulo conseguido en el 2019<\/p>\n<p>y que este a\u00f1o tuvo al ecuatoriano <strong>Richard Carapaz como principal oponente y al final segundo en la general.\u00a0<\/strong><\/p>\n<p>La etapa 17 a La Covatilla fue para David Gaudu (Cofidis), ya sin poner en riesgo la pelea por La Roja.<\/p>\n<p><strong>El tramo que se apuntaba como decisivo para Richard Carapaz fue una pelea en solitario<\/strong>, sin gregarios del Ineos Grenadiers ante un Roglic<\/p>\n<p>que lleg\u00f3 con tres corredores para completar una pelea que los del Jumbo la controlaron con el pelot\u00f3n en toda la jornada.<\/p>\n<p>Carapaz entr\u00f3 octavo a la meta, y aunque no alcanz\u00f3 el esfuerzo para descontar el tiempo del esloveno<\/p>\n<p><strong>su registro bast\u00f3 para mantenerse de escolta de Roglic (d\u00e9cimo de etapa )<\/strong><\/p>\n<p><strong> y asegurar el segundo lugar en la ronda espa\u00f1ola,\u00a0<\/strong>en su tercera participaci\u00f3n.<\/p>\n<p><strong>Para los del podio la pelea fue a 3 km de la meta<\/strong>. Atac\u00f3 Hugh Carthy (EF) y Carapaz sali\u00f3 en persecuci\u00f3n, con Roglic sin apuro<\/p>\n<p>y Marc Soler (Movistar) a la expectativa, cuatro de los cinco mejor ubicados de la prueba.<\/p>\n<p><strong>Los \u00faltimos 2.000 metros fueron con un ataque de Carapaz\u00a0<\/strong>en un \u00faltimo intento por descontar la diferencia con el esloveno<\/p>\n<p>para al final quedar a 24 segundos, como segundo en la general.<\/p>\n<p><strong>La jornada final llega a Madrid<\/strong>\u00a0con una etapa llana de 139,6 kil\u00f3metros\u00a0<strong>para lucimiento del portador de La Roja<\/strong><\/p>\n<p>pero con un esprint intermedio y una llegada especial para los velocistas.\u00a0<strong>(D)<\/strong><\/p>\n<blockquote class=\"twitter-tweet\" data-width=\"550\" data-dnt=\"true\">\n<p lang=\"en\" dir=\"ltr\">\ud83c\uddeb\ud83c\uddf7\ud83c\udfc6 <a href=\"https:\/\/twitter.com\/DavidGaudu?ref_src=twsrc%5Etfw\">@DavidGaudu<\/a> wins again!<a href=\"https:\/\/twitter.com\/hashtag\/LaVuelta20?src=hash&amp;ref_src=twsrc%5Etfw\">#LaVuelta20<\/a> <a href=\"https:\/\/t.co\/HCIzGtor2O\">pic.twitter.com\/HCIzGtor2O<\/a><\/p>\n<p>&mdash; La Vuelta (@lavuelta) <a href=\"https:\/\/twitter.com\/lavuelta\/status\/1325107699227488257?ref_src=twsrc%5Etfw\">November 7, 2020<\/a><\/p><\/blockquote>\n<p><script async src=\"https:\/\/platform.twitter.com\/widgets.js\" charset=\"utf-8\"><\/script><\/p>\n<p><iframe title=\"RELATO de MARIO SABATO del SUBCAMPEONATO de RICHARD CARAPAZ en la VUELTA ESPA\u00d1A\" width=\"1200\" height=\"675\" src=\"https:\/\/www.youtube.com\/embed\/7W4D8gqt4d0?feature=oembed\" frameborder=\"0\" allow=\"accelerometer; autoplay; clipboard-write; encrypted-media; gyroscope; picture-in-picture; web-share\" referrerpolicy=\"strict-origin-when-cross-origin\" allowfullscreen><\/iframe><\/p>\n<p>&nbsp;<\/p>\n<p>&nbsp;<\/p>\n<p>Fuente: evafm.net &#8211; youtube.com<\/p>\n<div class=\"gsp_post_data\" \r\n\t            data-post_type=\"post\" \r\n\t            data-cat=\"deportes-internacionales,general\" \r\n\t            data-modified=\"120\"\r\n\t            data-created=\"1604768731\"\r\n\t            data-title=\"Primoz Roglic retuvo el t\u00edtulo Richard Carapaz quedo segundo\" \r\n\t            data-home=\"https:\/\/www.evafm.net\/sitio\"><\/div>","protected":false},"excerpt":{"rendered":"<p>Quito &#8211; La edici\u00f3n 75.\u00aa de\u00a0La Vuelta a Espa\u00f1a tiene ganador: Primoz Roglic (Jubo-Visma), esloveno que pudo retener el t\u00edtulo conseguido en el 2019 y que este a\u00f1o tuvo al ecuatoriano Richard Carapaz como principal oponente y al final segundo en la general.\u00a0 La etapa 17 a La Covatilla fue para David Gaudu (Cofidis), ya&#8230;<\/p>\n","protected":false},"author":5,"featured_media":59655,"comment_status":"closed","ping_status":"open","sticky":false,"template":"","format":"standard","meta":{"_joinchat":[],"footnotes":""},"categories":[1342,1720],"tags":[],"class_list":["post-59654","post","type-post","status-publish","format-standard","has-post-thumbnail","hentry","category-deportes-internacionales","category-general","have-post-thumb"],"_links":{"self":[{"href":"https:\/\/www.evafm.net\/sitio\/wp-json\/wp\/v2\/posts\/59654","targetHints":{"allow":["GET"]}}],"collection":[{"href":"https:\/\/www.evafm.net\/sitio\/wp-json\/wp\/v2\/posts"}],"about":[{"href":"https:\/\/www.evafm.net\/sitio\/wp-json\/wp\/v2\/types\/post"}],"author":[{"embeddable":true,"href":"https:\/\/www.evafm.net\/sitio\/wp-json\/wp\/v2\/users\/5"}],"replies":[{"embeddable":true,"href":"https:\/\/www.evafm.net\/sitio\/wp-json\/wp\/v2\/comments?post=59654"}],"version-history":[{"count":1,"href":"https:\/\/www.evafm.net\/sitio\/wp-json\/wp\/v2\/posts\/59654\/revisions"}],"predecessor-version":[{"id":59656,"href":"https:\/\/www.evafm.net\/sitio\/wp-json\/wp\/v2\/posts\/59654\/revisions\/59656"}],"wp:featuredmedia":[{"embeddable":true,"href":"https:\/\/www.evafm.net\/sitio\/wp-json\/wp\/v2\/media\/59655"}],"wp:attachment":[{"href":"https:\/\/www.evafm.net\/sitio\/wp-json\/wp\/v2\/media?parent=59654"}],"wp:term":[{"taxonomy":"category","embeddable":true,"href":"https:\/\/www.evafm.net\/sitio\/wp-json\/wp\/v2\/categories?post=59654"},{"taxonomy":"post_tag","embeddable":true,"href":"https:\/\/www.evafm.net\/sitio\/wp-json\/wp\/v2\/tags?post=59654"}],"curies":[{"name":"wp","href":"https:\/\/api.w.org\/{rel}","templated":true}]}}