{"id":59683,"date":"2020-11-07T18:58:48","date_gmt":"2020-11-07T23:58:48","guid":{"rendered":"https:\/\/www.evafm.net\/sitio\/?p=59683"},"modified":"2020-11-07T18:58:48","modified_gmt":"2020-11-07T23:58:48","slug":"johnny-depp-se-retira-de-fantastic-beasts","status":"publish","type":"post","link":"https:\/\/www.evafm.net\/sitio\/johnny-depp-se-retira-de-fantastic-beasts\/","title":{"rendered":"Johnny Depp se retira de &#8216;Fantastic Beasts&#8217;"},"content":{"rendered":"<div id=\"block-excelsior-bloques-block-susciption-nodes\" class=\"block block-excelsior-bloques first odd\">\n<div class=\"wrapper__suscription_node\">\n<p class=\"tex__notice\"><strong><em>Johnny Depp<\/em><\/strong>\u00a0dej\u00f3 la franquicia de\u00a0<strong>&#8216;Fantastic Beasts&#8217;\u00a0<\/strong>(&#8216;Animales fant\u00e1sticos&#8217;) tras perder su caso por difamaci\u00f3n contra el tabloide<strong> The Sun<\/strong><\/p>\n<p class=\"tex__notice\">por un art\u00edculo de 2018 que lo calific\u00f3 de <strong>&#8216;marido golpeador&#8217;.<\/strong><\/p>\n<p>Depp dijo el viernes en una carta publicada en Instagram que dejar\u00e1 el papel del oscuro mago<strong> Gellert Grindelwald<\/strong> despu\u00e9s de que el estudio pidi\u00f3 su renuncia.<\/p>\n<p>Depp dijo que hac\u00eda el anuncio &#8216;a la luz de eventos recientes&#8217;.<\/p>\n<p>Warner Bros. confirm\u00f3 la salida de Depp y dijo que\u00a0<strong>seleccionar\u00e1 a otro actor para el papel.<\/strong><\/p>\n<p>Depp tambi\u00e9n dijo que apelar\u00e1 el fallo que emiti\u00f3 un juez brit\u00e1nico esta semana.<\/p>\n<p>Despu\u00e9s de escuchar las declaraciones de Depp y su exesposa Amber Heard en el sonado caso, el juez Andrew Nicol<\/p>\n<p>dijo que las acusaciones contra Depp eran &#8216;sustancialmente ciertas&#8217;.<\/p>\n<p>Depp demand\u00f3 a News Group Newspapers, editorial de The Sun, y a su editor ejecutivo Dan Wootton, por un art\u00edculo que lo acusaba de agredir a Heard.<strong> (E)<\/strong><\/p>\n<\/div>\n<\/div>\n<p>&nbsp;<\/p>\n<p>Fuente: evafm.net<\/p>\n<div class=\"gsp_post_data\" \r\n\t            data-post_type=\"post\" \r\n\t            data-cat=\"espectaculos,general\" \r\n\t            data-modified=\"120\"\r\n\t            data-created=\"1604775528\"\r\n\t            data-title=\"Johnny Depp se retira de &#8216;Fantastic Beasts&#8217;\" \r\n\t            data-home=\"https:\/\/www.evafm.net\/sitio\"><\/div>","protected":false},"excerpt":{"rendered":"<p>Johnny Depp\u00a0dej\u00f3 la franquicia de\u00a0&#8216;Fantastic Beasts&#8217;\u00a0(&#8216;Animales fant\u00e1sticos&#8217;) tras perder su caso por difamaci\u00f3n contra el tabloide The Sun por un art\u00edculo de 2018 que lo calific\u00f3 de &#8216;marido golpeador&#8217;. Depp dijo el viernes en una carta publicada en Instagram que dejar\u00e1 el papel del oscuro mago Gellert Grindelwald despu\u00e9s de que el estudio pidi\u00f3 su&#8230;<\/p>\n","protected":false},"author":5,"featured_media":59684,"comment_status":"closed","ping_status":"open","sticky":false,"template":"","format":"standard","meta":{"_joinchat":[],"footnotes":""},"categories":[4,1720],"tags":[],"class_list":["post-59683","post","type-post","status-publish","format-standard","has-post-thumbnail","hentry","category-espectaculos","category-general","have-post-thumb"],"_links":{"self":[{"href":"https:\/\/www.evafm.net\/sitio\/wp-json\/wp\/v2\/posts\/59683","targetHints":{"allow":["GET"]}}],"collection":[{"href":"https:\/\/www.evafm.net\/sitio\/wp-json\/wp\/v2\/posts"}],"about":[{"href":"https:\/\/www.evafm.net\/sitio\/wp-json\/wp\/v2\/types\/post"}],"author":[{"embeddable":true,"href":"https:\/\/www.evafm.net\/sitio\/wp-json\/wp\/v2\/users\/5"}],"replies":[{"embeddable":true,"href":"https:\/\/www.evafm.net\/sitio\/wp-json\/wp\/v2\/comments?post=59683"}],"version-history":[{"count":1,"href":"https:\/\/www.evafm.net\/sitio\/wp-json\/wp\/v2\/posts\/59683\/revisions"}],"predecessor-version":[{"id":59685,"href":"https:\/\/www.evafm.net\/sitio\/wp-json\/wp\/v2\/posts\/59683\/revisions\/59685"}],"wp:featuredmedia":[{"embeddable":true,"href":"https:\/\/www.evafm.net\/sitio\/wp-json\/wp\/v2\/media\/59684"}],"wp:attachment":[{"href":"https:\/\/www.evafm.net\/sitio\/wp-json\/wp\/v2\/media?parent=59683"}],"wp:term":[{"taxonomy":"category","embeddable":true,"href":"https:\/\/www.evafm.net\/sitio\/wp-json\/wp\/v2\/categories?post=59683"},{"taxonomy":"post_tag","embeddable":true,"href":"https:\/\/www.evafm.net\/sitio\/wp-json\/wp\/v2\/tags?post=59683"}],"curies":[{"name":"wp","href":"https:\/\/api.w.org\/{rel}","templated":true}]}}