{"id":59694,"date":"2020-11-07T21:17:56","date_gmt":"2020-11-08T02:17:56","guid":{"rendered":"https:\/\/www.evafm.net\/sitio\/?p=59694"},"modified":"2020-11-07T21:17:56","modified_gmt":"2020-11-08T02:17:56","slug":"ecuador-presenta-sus-convocados-para-la-nueva-doble-fecha-fifa","status":"publish","type":"post","link":"https:\/\/www.evafm.net\/sitio\/ecuador-presenta-sus-convocados-para-la-nueva-doble-fecha-fifa\/","title":{"rendered":"Ecuador presenta sus convocados para la nueva doble fecha FIFA"},"content":{"rendered":"<p align=\"justify\">Este 12 y 17 de noviembre la selecci\u00f3n de Ecuador tendr\u00e1 nuevamente actividad en el camino de las Eliminatorias con miras a Qatar 2022<\/p>\n<p align=\"justify\"><strong> Colombia y Bolivia ser\u00e1n los rivales de la &#8216;Tri&#8217; y el entrenador Gustavo Alfaro dio a conocer los convocados.<\/strong><\/p>\n<p align=\"justify\">Jugadores como Enner Valencia, Alan Franco, Mois\u00e9s Caicedo, Gonzalo Plata entre otros repiten el llamado tras haber estado en la derrota ante Argentina 1-0<\/p>\n<p align=\"justify\">y la victoria de Uruguay 4-2 tambi\u00e9n hay nuevas caras como Adolfo Mu\u00f1oz, Joao Rojas. Revisa la lista completa: <strong>(D)<\/strong><\/p>\n<p align=\"justify\"><img fetchpriority=\"high\" decoding=\"async\" class=\"\" src=\"https:\/\/pbs.twimg.com\/media\/EmQ--NpXcAMaF1n?format=jpg&amp;name=large\" alt=\"Imagen\" width=\"693\" height=\"441\" \/><\/p>\n<p align=\"justify\"><img decoding=\"async\" class=\"\" src=\"https:\/\/pbs.twimg.com\/media\/EmQ--NpXUAEO9Js?format=jpg&amp;name=large\" alt=\"Imagen\" width=\"690\" height=\"439\" \/><\/p>\n<p align=\"justify\"><img decoding=\"async\" class=\"\" src=\"https:\/\/pbs.twimg.com\/media\/EmQ--NqW4AI-xoN?format=jpg&amp;name=large\" alt=\"Imagen\" width=\"678\" height=\"431\" \/><\/p>\n<p align=\"justify\">\n<p align=\"justify\"><img loading=\"lazy\" decoding=\"async\" class=\"\" src=\"https:\/\/pbs.twimg.com\/media\/EmQ--NoXEAAa7mw?format=jpg&amp;name=large\" alt=\"Imagen\" width=\"667\" height=\"424\" \/><\/p>\n<p align=\"justify\">\n<p align=\"justify\">Fuente: evafm.net &#8211; twitter.com<\/p>\n<p align=\"justify\">\n<p align=\"justify\">\n<div class=\"gsp_post_data\" \r\n\t            data-post_type=\"post\" \r\n\t            data-cat=\"deportes-internacionales\" \r\n\t            data-modified=\"120\"\r\n\t            data-created=\"1604783876\"\r\n\t            data-title=\"Ecuador presenta sus convocados para la nueva doble fecha FIFA\" \r\n\t            data-home=\"https:\/\/www.evafm.net\/sitio\"><\/div>","protected":false},"excerpt":{"rendered":"<p>Este 12 y 17 de noviembre la selecci\u00f3n de Ecuador tendr\u00e1 nuevamente actividad en el camino de las Eliminatorias con miras a Qatar 2022 Colombia y Bolivia ser\u00e1n los rivales de la &#8216;Tri&#8217; y el entrenador Gustavo Alfaro dio a conocer los convocados. Jugadores como Enner Valencia, Alan Franco, Mois\u00e9s Caicedo, Gonzalo Plata entre otros&#8230;<\/p>\n","protected":false},"author":5,"featured_media":59695,"comment_status":"closed","ping_status":"open","sticky":false,"template":"","format":"standard","meta":{"_joinchat":[],"footnotes":""},"categories":[1342],"tags":[],"class_list":["post-59694","post","type-post","status-publish","format-standard","has-post-thumbnail","hentry","category-deportes-internacionales","have-post-thumb"],"_links":{"self":[{"href":"https:\/\/www.evafm.net\/sitio\/wp-json\/wp\/v2\/posts\/59694","targetHints":{"allow":["GET"]}}],"collection":[{"href":"https:\/\/www.evafm.net\/sitio\/wp-json\/wp\/v2\/posts"}],"about":[{"href":"https:\/\/www.evafm.net\/sitio\/wp-json\/wp\/v2\/types\/post"}],"author":[{"embeddable":true,"href":"https:\/\/www.evafm.net\/sitio\/wp-json\/wp\/v2\/users\/5"}],"replies":[{"embeddable":true,"href":"https:\/\/www.evafm.net\/sitio\/wp-json\/wp\/v2\/comments?post=59694"}],"version-history":[{"count":1,"href":"https:\/\/www.evafm.net\/sitio\/wp-json\/wp\/v2\/posts\/59694\/revisions"}],"predecessor-version":[{"id":59696,"href":"https:\/\/www.evafm.net\/sitio\/wp-json\/wp\/v2\/posts\/59694\/revisions\/59696"}],"wp:featuredmedia":[{"embeddable":true,"href":"https:\/\/www.evafm.net\/sitio\/wp-json\/wp\/v2\/media\/59695"}],"wp:attachment":[{"href":"https:\/\/www.evafm.net\/sitio\/wp-json\/wp\/v2\/media?parent=59694"}],"wp:term":[{"taxonomy":"category","embeddable":true,"href":"https:\/\/www.evafm.net\/sitio\/wp-json\/wp\/v2\/categories?post=59694"},{"taxonomy":"post_tag","embeddable":true,"href":"https:\/\/www.evafm.net\/sitio\/wp-json\/wp\/v2\/tags?post=59694"}],"curies":[{"name":"wp","href":"https:\/\/api.w.org\/{rel}","templated":true}]}}