{"id":66091,"date":"2021-09-23T14:27:32","date_gmt":"2021-09-23T19:27:32","guid":{"rendered":"https:\/\/www.evafm.net\/sitio\/?p=66091"},"modified":"2021-09-23T14:27:32","modified_gmt":"2021-09-23T19:27:32","slug":"jessica-jaramillo-apelara-decision-sobre-jorge-yunda","status":"publish","type":"post","link":"https:\/\/www.evafm.net\/sitio\/jessica-jaramillo-apelara-decision-sobre-jorge-yunda\/","title":{"rendered":"J\u00e9ssica Jaramillo apelar\u00e1 decisi\u00f3n sobre Jorge Yunda"},"content":{"rendered":"<p>La denuncia por infracci\u00f3n electoral presentada por J\u00e9ssica Jaramillo en contra de\u00a0<strong>Jorge<\/strong>\u00a0<strong>Yunda\u00a0<\/strong>llegar\u00e1 al Pleno del Tribunal Contencioso Electoral (<strong>TCE<\/strong>).<\/p>\n<p>Hoy, jueves 23 de septiembre del 2021, Jaramillo anunci\u00f3 que apelar\u00e1 la decisi\u00f3n del<strong>\u00a0juez Arturo Cabrera.<\/strong><\/p>\n<div data-id=\"9V22iM3RVdQxc8SaoNsJBm74RfVdtLEVqSbMo1Ms1QpfuxYrj68U\">\n<div class=\"orp-player-wrapper orp-aspectRateFixed orp-player-ipm orp-player-ipm-hidden orp-force-hide-player\"><\/div>\n<\/div>\n<p>La noche de ayer se conoci\u00f3 que Cabrera rechaz\u00f3 la denuncia que planteaba que Yunda no acat\u00f3 la sentencia del TCE del <strong>1 de julio pasado.<\/strong><\/p>\n<p>En esa fecha, el TCE decidi\u00f3 que el\u00a0<strong>Concejo Metropolitano\u00a0<\/strong>cumpli\u00f3 con las formalidades requeridas en el proceso de remoci\u00f3n.<\/p>\n<p>Jaramillo dijo que lo resuelto por Cabrera es una decisi\u00f3n de\u00a0<strong>primera instancia<\/strong>.<\/p>\n<p>\u201cQueda claro que la absoluci\u00f3n de consulta tiene fuerza de sentencia, conforme lo he sostenido. La prueba aportada se reprodujo en su totalidad\u201d.<\/p>\n<p>&nbsp;<\/p>\n<p><strong>\u00bfCu\u00e1l fue el argumento del juez?<\/strong><\/p>\n<p>&nbsp;<\/p>\n<p>El juez electoral sentenci\u00f3: \u201clas denunciantes tienen la obligaci\u00f3n de probar los hechos que proponen en las respectivas denuncias<\/p>\n<p>y del an\u00e1lisis exhaustivo de los documentos, este juzgador no ha encontrado nexos de responsabilidad en el cometimiento de conducta<\/p>\n<p>antijur\u00eddica alguna que violente disposiciones leg\u00edtimas de autoridad electoral\u201d.<\/p>\n<p>&nbsp;<\/p>\n<p>Ante esto, Jaramillo se\u00f1al\u00f3 que tanto en su denuncia como en su\u00a0<strong>comparecencia\u00a0<\/strong>prob\u00f3 que Yunda incurri\u00f3 en la infracci\u00f3n mencionada.<\/p>\n<p>A su juicio, eso lo prueba sus actuaciones en el\u00a0<strong>Concejo Metropolitano\u00a0<\/strong>despu\u00e9s de haberse ratificado la remoci\u00f3n.<\/p>\n<p>&nbsp;<\/p>\n<p>La ma\u00f1ana de hoy, Yunda se pronunci\u00f3 sobre el tema en el programa Latino News de Radio Latina. All\u00ed insisti\u00f3 en que el proceso de remoci\u00f3n<\/p>\n<p>estuvo viciado y que hay una sentencia de la\u00a0<strong>justicia constitucional\u00a0<\/strong>que se\u00f1ala que sus derechos fueron violentados.<\/p>\n<p>El Alcalde tambi\u00e9n dijo que estos procesos que enfrenta no lo han distra\u00eddo de las ocupaciones de su cargo ya que son sus abogados los que se encargan del tema.<\/p>\n<p>&nbsp;<\/p>\n<h3>Tres d\u00edas para apelar:<\/h3>\n<p>&nbsp;<\/p>\n<p>El director de la Escuela de Derecho de la UIDE,\u00a0<strong>Esteban Ron<\/strong>, se\u00f1al\u00f3 que despu\u00e9s de la notificaci\u00f3n de la sentencia de ayer, tanto Jaramillo<\/p>\n<p>como Yunda tienen tres d\u00edas para pedir aclaraci\u00f3n, ampliaci\u00f3n o apelar.<\/p>\n<p>Los dos primeros recursos no cambian el fondo de la sentencia. El juez debe responderlos en un plazo de dos d\u00edas.<\/p>\n<p>Sin embargo, una vez que se presente la apelaci\u00f3n, el caso lo conocer\u00e1 el Tribunal integrado por los\u00a0<strong>cinco magistrados\u00a0<\/strong>del TCE. <strong>(I)<\/strong><\/p>\n<p>&nbsp;<\/p>\n<div class=\"css-1dbjc4n r-18u37iz r-1mi0q7o\">\n<div class=\"css-1dbjc4n r-1adg3ll r-1udh08x\">\n<div class=\"r-1p0dtai r-1pi2tsx r-1d2f490 r-u8s1d r-ipm5af r-13qz1uu\">\n<div class=\"css-1dbjc4n r-sdzlij r-1p0dtai r-1mlwlqe r-1d2f490 r-1udh08x r-u8s1d r-zchlnj r-ipm5af r-417010\" aria-label=\"\">\n<div class=\"css-1dbjc4n r-1niwhzg r-vvn4in r-u6sd8q r-4gszlv r-1p0dtai r-1pi2tsx r-1d2f490 r-u8s1d r-zchlnj r-ipm5af r-13qz1uu r-1wyyakw\"><\/div>\n<p><img decoding=\"async\" class=\"css-9pa8cd\" src=\"https:\/\/pbs.twimg.com\/profile_images\/1440264141818654722\/zaYNoPKH_normal.jpg\" alt=\"\" \/><\/p>\n<\/div>\n<\/div>\n<\/div>\n<div class=\"css-1dbjc4n r-1twgtwe r-sdzlij r-rs99b7 r-1p0dtai r-1mi75qu r-1d2f490 r-1ny4l3l r-u8s1d r-zchlnj r-ipm5af r-o7ynqc r-6416eg\"><\/div>\n<div class=\"css-1dbjc4n r-eqz5dr r-1777fci r-5f2r5o r-1kh6xel\">\n<div class=\"css-1dbjc4n r-1wbh5a2 r-dnmrzs r-1ny4l3l\">\n<div class=\"css-1dbjc4n r-1awozwy r-18u37iz r-dnmrzs\">\n<div class=\"css-901oao css-bfa6kz r-18jsvk2 r-1qd0xha r-a023e6 r-b88u0q r-ad9z0x r-bcqeeo r-3s2u2q r-qvutc0\" dir=\"auto\">\n<p><strong><span class=\"css-901oao css-16my406 r-poiln3 r-bcqeeo r-qvutc0\">Jessica Jaramillo\u00a0<\/span><\/strong><\/p>\n<div class=\"css-1dbjc4n r-xoduu5 r-1mlwlqe r-1d2f490 r-1udh08x r-u8s1d r-h9hxbl r-417010\" aria-label=\"\ud83d\udc9a\">\n<div class=\"css-1dbjc4n r-1niwhzg r-vvn4in r-u6sd8q r-x3cy2q r-1p0dtai r-xoduu5 r-1pi2tsx r-1d2f490 r-u8s1d r-zchlnj r-ipm5af r-13qz1uu r-1wyyakw\"><strong><span class=\"css-901oao css-16my406 r-poiln3 r-bcqeeo r-qvutc0\">@JessyJaramilloY<\/span><\/strong><\/div>\n<\/div>\n<\/div>\n<\/div>\n<\/div>\n<\/div>\n<\/div>\n<div class=\"css-1dbjc4n\">\n<div class=\"css-901oao r-18jsvk2 r-1dqbpge r-1qd0xha r-1b6yd1w r-16dba41 r-ad9z0x r-bcqeeo r-bnwqim r-qvutc0\" dir=\"auto\" lang=\"es\">\n<div class=\"css-1dbjc4n r-xoduu5 r-1mlwlqe r-1d2f490 r-1udh08x r-u8s1d r-h9hxbl r-417010\" aria-label=\"\ud83d\udccc\">\n<div class=\"css-1dbjc4n r-1niwhzg r-vvn4in r-u6sd8q r-x3cy2q r-1p0dtai r-xoduu5 r-1pi2tsx r-1d2f490 r-u8s1d r-zchlnj r-ipm5af r-13qz1uu r-1wyyakw\"><\/div>\n<\/div>\n<p><span class=\"css-901oao css-16my406 r-poiln3 r-bcqeeo r-qvutc0\"> El fallo emitido por <\/span><span class=\"r-18u37iz\">#ArturoCabrera<\/span><span class=\"css-901oao css-16my406 r-poiln3 r-bcqeeo r-qvutc0\"> es de primera instancia y aqu\u00ed queda claro que: <\/span><\/p>\n<\/div>\n<div class=\"css-901oao r-18jsvk2 r-1dqbpge r-1qd0xha r-1b6yd1w r-16dba41 r-ad9z0x r-bcqeeo r-bnwqim r-qvutc0\" dir=\"auto\" lang=\"es\"><span class=\"css-901oao css-16my406 r-poiln3 r-bcqeeo r-qvutc0\">\u201cLa absoluci\u00f3n de consulta tiene fuerza de sentencia\u201d, conforme lo he sostenido. <\/span><\/div>\n<div class=\"css-901oao r-18jsvk2 r-1dqbpge r-1qd0xha r-1b6yd1w r-16dba41 r-ad9z0x r-bcqeeo r-bnwqim r-qvutc0\" dir=\"auto\" lang=\"es\"><span class=\"css-901oao css-16my406 r-poiln3 r-bcqeeo r-qvutc0\">La prueba aportada se reprodujo en su totalidad. Procede apelaci\u00f3n y ser\u00e1 resuelta por el Pleno <\/span><span class=\"r-18u37iz\">@TCE_Ecuador.<\/span><\/div>\n<\/div>\n<div dir=\"auto\" lang=\"es\"><\/div>\n<div dir=\"auto\" lang=\"es\"><\/div>\n<div dir=\"auto\" lang=\"es\"><\/div>\n<div dir=\"auto\" lang=\"es\">Fuente: evafm.net &#8211; twitter.com<\/div>\n<div class=\"gsp_post_data\" \r\n\t            data-post_type=\"post\" \r\n\t            data-cat=\"noticias-ecuador\" \r\n\t            data-modified=\"120\"\r\n\t            data-created=\"1632407252\"\r\n\t            data-title=\"J\u00e9ssica Jaramillo apelar\u00e1 decisi\u00f3n sobre Jorge Yunda\" \r\n\t            data-home=\"https:\/\/www.evafm.net\/sitio\"><\/div>","protected":false},"excerpt":{"rendered":"<p>La denuncia por infracci\u00f3n electoral presentada por J\u00e9ssica Jaramillo en contra de\u00a0Jorge\u00a0Yunda\u00a0llegar\u00e1 al Pleno del Tribunal Contencioso Electoral (TCE). Hoy, jueves 23 de septiembre del 2021, Jaramillo anunci\u00f3 que apelar\u00e1 la decisi\u00f3n del\u00a0juez Arturo Cabrera. La noche de ayer se conoci\u00f3 que Cabrera rechaz\u00f3 la denuncia que planteaba que Yunda no acat\u00f3 la sentencia del&#8230;<\/p>\n","protected":false},"author":5,"featured_media":66096,"comment_status":"closed","ping_status":"open","sticky":false,"template":"","format":"standard","meta":{"_joinchat":[],"footnotes":""},"categories":[1558],"tags":[],"class_list":["post-66091","post","type-post","status-publish","format-standard","has-post-thumbnail","hentry","category-noticias-ecuador","have-post-thumb"],"_links":{"self":[{"href":"https:\/\/www.evafm.net\/sitio\/wp-json\/wp\/v2\/posts\/66091","targetHints":{"allow":["GET"]}}],"collection":[{"href":"https:\/\/www.evafm.net\/sitio\/wp-json\/wp\/v2\/posts"}],"about":[{"href":"https:\/\/www.evafm.net\/sitio\/wp-json\/wp\/v2\/types\/post"}],"author":[{"embeddable":true,"href":"https:\/\/www.evafm.net\/sitio\/wp-json\/wp\/v2\/users\/5"}],"replies":[{"embeddable":true,"href":"https:\/\/www.evafm.net\/sitio\/wp-json\/wp\/v2\/comments?post=66091"}],"version-history":[{"count":1,"href":"https:\/\/www.evafm.net\/sitio\/wp-json\/wp\/v2\/posts\/66091\/revisions"}],"predecessor-version":[{"id":66097,"href":"https:\/\/www.evafm.net\/sitio\/wp-json\/wp\/v2\/posts\/66091\/revisions\/66097"}],"wp:featuredmedia":[{"embeddable":true,"href":"https:\/\/www.evafm.net\/sitio\/wp-json\/wp\/v2\/media\/66096"}],"wp:attachment":[{"href":"https:\/\/www.evafm.net\/sitio\/wp-json\/wp\/v2\/media?parent=66091"}],"wp:term":[{"taxonomy":"category","embeddable":true,"href":"https:\/\/www.evafm.net\/sitio\/wp-json\/wp\/v2\/categories?post=66091"},{"taxonomy":"post_tag","embeddable":true,"href":"https:\/\/www.evafm.net\/sitio\/wp-json\/wp\/v2\/tags?post=66091"}],"curies":[{"name":"wp","href":"https:\/\/api.w.org\/{rel}","templated":true}]}}