{"id":66112,"date":"2021-09-25T12:02:51","date_gmt":"2021-09-25T17:02:51","guid":{"rendered":"https:\/\/www.evafm.net\/sitio\/?p=66112"},"modified":"2021-09-25T12:02:51","modified_gmt":"2021-09-25T17:02:51","slug":"vacunatorios-que-reciben-adolescentes-de-12-a-15-anos","status":"publish","type":"post","link":"https:\/\/www.evafm.net\/sitio\/vacunatorios-que-reciben-adolescentes-de-12-a-15-anos\/","title":{"rendered":"Vacunatorios que reciben adolescentes de 12 a 15 a\u00f1os"},"content":{"rendered":"<p class=\"prose-text\">M\u00e1s de cien estudiantes junto con sus representantes fueron el primer grupo que ingres\u00f3 a las 08:00 de este s\u00e1bado al vacunatorio ubicado<\/p>\n<p class=\"prose-text\">en la explanada del <strong>estadio Modelo Alberto Spencer,<\/strong> a un costado de la <strong>avenida de las Am\u00e9ricas, en el norte de Guayaquil.<\/strong><\/p>\n<p>&nbsp;<\/p>\n<p class=\"prose-text\">El Ministerio de Salud <strong>(MSP)<\/strong> dispuso que la poblaci\u00f3n meta en esta fase \u2018Nos Reactivamos\u2019 del proceso de vacunaci\u00f3n son los <strong>adolescentes de 12 a 15 a\u00f1os. <\/strong><\/p>\n<p class=\"prose-text\">Y en esta jornada les corresponde a quienes no fueron convocados en los planteles educativos.<\/p>\n<p>&nbsp;<\/p>\n<p class=\"prose-text\">El proceso de inmunizaci\u00f3n se lo realiza tanto en brigadas en los establecimientos educativos en coordinaci\u00f3n con el Ministerio de Educaci\u00f3n<\/p>\n<p class=\"prose-text\">as\u00ed como en centros de salud y siete vacunatorios masivos en la <strong>Zona 8 (Guayaquil, Dur\u00e1n y Samborond\u00f3n).<\/strong><\/p>\n<p class=\"prose-text\">Hoy s\u00e1bado, los padres recibieron el formulario de aceptaci\u00f3n de la vacuna para que lo lean y lo firmen para ingresar a la prevacunaci\u00f3n.<\/p>\n<p>&nbsp;<\/p>\n<p class=\"prose-text\">Quienes no est\u00e1n cursando el a\u00f1o lectivo 2021-2022 tambi\u00e9n pueden ir a vacunarse ya que son parte de la poblaci\u00f3n meta.<\/p>\n<p class=\"prose-text\">Este proceso de vacunaci\u00f3n a adolescentes se desarrolla tambi\u00e9n en la <strong>estaci\u00f3n de la Metrov\u00eda 25 de Julio<\/strong><\/p>\n<p class=\"prose-text\">y en la explanada de Mucho Lote 1.<strong> Ma\u00f1ana, domingo, no habr\u00e1 atenci\u00f3n.<\/strong>\u00a0<b>(I)<\/b><\/p>\n<p>&nbsp;<\/p>\n<p>Fuente: evafm.net<\/p>\n<div class=\"gsp_post_data\" \r\n\t            data-post_type=\"post\" \r\n\t            data-cat=\"noticias-ecuador\" \r\n\t            data-modified=\"120\"\r\n\t            data-created=\"1632571371\"\r\n\t            data-title=\"Vacunatorios que reciben adolescentes de 12 a 15 a\u00f1os\" \r\n\t            data-home=\"https:\/\/www.evafm.net\/sitio\"><\/div>","protected":false},"excerpt":{"rendered":"<p>M\u00e1s de cien estudiantes junto con sus representantes fueron el primer grupo que ingres\u00f3 a las 08:00 de este s\u00e1bado al vacunatorio ubicado en la explanada del estadio Modelo Alberto Spencer, a un costado de la avenida de las Am\u00e9ricas, en el norte de Guayaquil. &nbsp; El Ministerio de Salud (MSP) dispuso que la poblaci\u00f3n&#8230;<\/p>\n","protected":false},"author":5,"featured_media":66113,"comment_status":"closed","ping_status":"open","sticky":false,"template":"","format":"standard","meta":{"_joinchat":[],"footnotes":""},"categories":[1558],"tags":[],"class_list":["post-66112","post","type-post","status-publish","format-standard","has-post-thumbnail","hentry","category-noticias-ecuador","have-post-thumb"],"_links":{"self":[{"href":"https:\/\/www.evafm.net\/sitio\/wp-json\/wp\/v2\/posts\/66112","targetHints":{"allow":["GET"]}}],"collection":[{"href":"https:\/\/www.evafm.net\/sitio\/wp-json\/wp\/v2\/posts"}],"about":[{"href":"https:\/\/www.evafm.net\/sitio\/wp-json\/wp\/v2\/types\/post"}],"author":[{"embeddable":true,"href":"https:\/\/www.evafm.net\/sitio\/wp-json\/wp\/v2\/users\/5"}],"replies":[{"embeddable":true,"href":"https:\/\/www.evafm.net\/sitio\/wp-json\/wp\/v2\/comments?post=66112"}],"version-history":[{"count":1,"href":"https:\/\/www.evafm.net\/sitio\/wp-json\/wp\/v2\/posts\/66112\/revisions"}],"predecessor-version":[{"id":66114,"href":"https:\/\/www.evafm.net\/sitio\/wp-json\/wp\/v2\/posts\/66112\/revisions\/66114"}],"wp:featuredmedia":[{"embeddable":true,"href":"https:\/\/www.evafm.net\/sitio\/wp-json\/wp\/v2\/media\/66113"}],"wp:attachment":[{"href":"https:\/\/www.evafm.net\/sitio\/wp-json\/wp\/v2\/media?parent=66112"}],"wp:term":[{"taxonomy":"category","embeddable":true,"href":"https:\/\/www.evafm.net\/sitio\/wp-json\/wp\/v2\/categories?post=66112"},{"taxonomy":"post_tag","embeddable":true,"href":"https:\/\/www.evafm.net\/sitio\/wp-json\/wp\/v2\/tags?post=66112"}],"curies":[{"name":"wp","href":"https:\/\/api.w.org\/{rel}","templated":true}]}}