{"id":66116,"date":"2021-09-25T12:28:46","date_gmt":"2021-09-25T17:28:46","guid":{"rendered":"https:\/\/www.evafm.net\/sitio\/?p=66116"},"modified":"2021-09-25T12:28:46","modified_gmt":"2021-09-25T17:28:46","slug":"los-talibanes-ya-no-ocultan-su-brutalidad","status":"publish","type":"post","link":"https:\/\/www.evafm.net\/sitio\/los-talibanes-ya-no-ocultan-su-brutalidad\/","title":{"rendered":"Los talibanes ya no ocultan su brutalidad"},"content":{"rendered":"<p class=\"paragraph\">Los talibanes\u00a0<b>colgaron los cuerpos de cuatro secuestradores de unas gr\u00faas despu\u00e9s de matarlos el s\u00e1bado durante un tiroteo en Herat<\/b><\/p>\n<p class=\"paragraph\">\u00a0en el oeste de Afganist\u00e1n, inform\u00f3 un alto responsable.<\/p>\n<p class=\"paragraph\">El vicegobernador de la provincia de Herat, <strong>Mawlawi Shir Ahmad Muhajir, se\u00f1al\u00f3 que<\/strong><\/p>\n<p>&nbsp;<\/p>\n<p class=\"paragraph\"><mark class=\"hl_yellow\"><b>\u00a0los cad\u00e1veres de los hombres fueron exhibidos en varias plazas p\u00fablicas el mismo d\u00eda que fueron asesinados para dar una \u201clecci\u00f3n\u201d<\/b><\/mark><\/p>\n<p class=\"paragraph\"><mark class=\"hl_yellow\"><b> de que el secuestro no ser\u00e1 tolerado.<\/b><\/mark><\/p>\n<p>&nbsp;<\/p>\n<p class=\"paragraph\">Las im\u00e1genes publicadas en las redes sociales mostraban cuerpos ensangrentados en la parte trasera de una camioneta mientras una gr\u00faa levantaba a un hombre.<\/p>\n<p class=\"paragraph\">Una multitud de personas observ\u00f3 c\u00f3mo los combatientes talibanes armados se reun\u00edan alrededor del veh\u00edculo.<\/p>\n<div class=\"teads-adCall\"><\/div>\n<div class=\"inline ad-wrapper\">\n<div class=\"dfpAd display_inline_block ad_margin_wrapper\">\n<div id=\"america\/mundo\/nota\/inline\" class=\"america\/mundo\/nota\/inline arcad\" data-google-query-id=\"CKaDzb3NmvMCFSvzKAUd-TEOVA\">\n<div id=\"google_ads_iframe_\/1058609\/america\/mundo\/nota\/inline_0__container__\">Otro video mostraba a un hombre suspendido de una gr\u00faa en una rotonda importante de Herat con un cartel en el pecho que dec\u00eda:<\/div>\n<div><\/div>\n<div>\u201cLos secuestradores ser\u00e1n castigados de esta manera\u201d.<\/div>\n<\/div>\n<\/div>\n<\/div>\n<div><\/div>\n<div><b>La exhibici\u00f3n en varias plazas de la ciudad es el castigo p\u00fablico de mayor notoriedad desde que los talibanes llegaron <\/b><\/div>\n<div><b>al poder el mes pasado y es una se\u00f1al de que los islamistas de la l\u00ednea dura adoptar\u00e1n medidas temibles<\/b><\/div>\n<div><b> en consonancia con su anterior gobierno de 1996 a 2001.<\/b><\/div>\n<div><\/div>\n<div><\/div>\n<div>Muhajir precis\u00f3 que las fuerzas de seguridad fueron informadas de que un empresario y su hijo hab\u00edan sido secuestrados en la ciudad el s\u00e1bado por la ma\u00f1ana.<\/div>\n<div>La polic\u00eda cort\u00f3 las carreteras fuera de la ciudad y los talibanes detuvieron a los hombres en un puesto de control, donde \u201cse produjo un tiroteo\u201d, indic\u00f3.<strong> (I)<\/strong><\/div>\n<div><\/div>\n<div><\/div>\n<div><img fetchpriority=\"high\" decoding=\"async\" class=\"\" src=\"https:\/\/www.infobae.com\/new-resizer\/I9VyfS5-UHYXDJyzcWv15NeWUjA=\/420x280\/filters:format(jpg):quality(85)\/cloudfront-us-east-1.images.arcpublishing.com\/infobae\/OO4QYLXWVRGO5FKRMVYA3HH76M.jpg%20420w\" alt=\"Los asesinatos ocurrieron en la ciudad de Herat, en el oeste de Afganist\u00e1n (AFP)\" width=\"707\" height=\"471\" \/><\/div>\n<div>Los asesinatos ocurrieron en la ciudad de Herat, en el oeste de Afganist\u00e1n (AFP)<\/div>\n<div><img decoding=\"async\" class=\"\" src=\"https:\/\/www.infobae.com\/new-resizer\/VDQIe1h8pdV-c2R6o7x2mDVDnVQ=\/arc-anglerfish-arc2-prod-infobae\/public\/AXWQFECELZDE7MSP5CZNNMDRXI.jpg\" alt=\"infografia\" width=\"715\" height=\"1807\" \/><\/div>\n<div><\/div>\n<div><\/div>\n<div><\/div>\n<div>Fuente. evafm,net &#8211; infobae.com<\/div>\n<div><\/div>\n<div><\/div>\n<div class=\"gsp_post_data\" \r\n\t            data-post_type=\"post\" \r\n\t            data-cat=\"general,noticias-internacionales\" \r\n\t            data-modified=\"120\"\r\n\t            data-created=\"1632572926\"\r\n\t            data-title=\"Los talibanes ya no ocultan su brutalidad\" \r\n\t            data-home=\"https:\/\/www.evafm.net\/sitio\"><\/div>","protected":false},"excerpt":{"rendered":"<p>Los talibanes\u00a0colgaron los cuerpos de cuatro secuestradores de unas gr\u00faas despu\u00e9s de matarlos el s\u00e1bado durante un tiroteo en Herat \u00a0en el oeste de Afganist\u00e1n, inform\u00f3 un alto responsable. El vicegobernador de la provincia de Herat, Mawlawi Shir Ahmad Muhajir, se\u00f1al\u00f3 que &nbsp; \u00a0los cad\u00e1veres de los hombres fueron exhibidos en varias plazas p\u00fablicas el&#8230;<\/p>\n","protected":false},"author":5,"featured_media":66119,"comment_status":"closed","ping_status":"open","sticky":false,"template":"","format":"standard","meta":{"_joinchat":[],"footnotes":""},"categories":[1720,1345],"tags":[],"class_list":["post-66116","post","type-post","status-publish","format-standard","has-post-thumbnail","hentry","category-general","category-noticias-internacionales","have-post-thumb"],"_links":{"self":[{"href":"https:\/\/www.evafm.net\/sitio\/wp-json\/wp\/v2\/posts\/66116","targetHints":{"allow":["GET"]}}],"collection":[{"href":"https:\/\/www.evafm.net\/sitio\/wp-json\/wp\/v2\/posts"}],"about":[{"href":"https:\/\/www.evafm.net\/sitio\/wp-json\/wp\/v2\/types\/post"}],"author":[{"embeddable":true,"href":"https:\/\/www.evafm.net\/sitio\/wp-json\/wp\/v2\/users\/5"}],"replies":[{"embeddable":true,"href":"https:\/\/www.evafm.net\/sitio\/wp-json\/wp\/v2\/comments?post=66116"}],"version-history":[{"count":1,"href":"https:\/\/www.evafm.net\/sitio\/wp-json\/wp\/v2\/posts\/66116\/revisions"}],"predecessor-version":[{"id":66120,"href":"https:\/\/www.evafm.net\/sitio\/wp-json\/wp\/v2\/posts\/66116\/revisions\/66120"}],"wp:featuredmedia":[{"embeddable":true,"href":"https:\/\/www.evafm.net\/sitio\/wp-json\/wp\/v2\/media\/66119"}],"wp:attachment":[{"href":"https:\/\/www.evafm.net\/sitio\/wp-json\/wp\/v2\/media?parent=66116"}],"wp:term":[{"taxonomy":"category","embeddable":true,"href":"https:\/\/www.evafm.net\/sitio\/wp-json\/wp\/v2\/categories?post=66116"},{"taxonomy":"post_tag","embeddable":true,"href":"https:\/\/www.evafm.net\/sitio\/wp-json\/wp\/v2\/tags?post=66116"}],"curies":[{"name":"wp","href":"https:\/\/api.w.org\/{rel}","templated":true}]}}