{"id":66121,"date":"2021-09-25T12:43:01","date_gmt":"2021-09-25T17:43:01","guid":{"rendered":"https:\/\/www.evafm.net\/sitio\/?p=66121"},"modified":"2021-09-25T12:43:01","modified_gmt":"2021-09-25T17:43:01","slug":"recrudece-el-conflicto-cocalero-en-bolivia","status":"publish","type":"post","link":"https:\/\/www.evafm.net\/sitio\/recrudece-el-conflicto-cocalero-en-bolivia\/","title":{"rendered":"Recrudece el conflicto cocalero en Bolivia"},"content":{"rendered":"<p class=\"paragraph\">Una nueva jornada de enfrentamientos entre agentes y productores de hojas de coca que intentan retomar su sede en La Paz<\/p>\n<p class=\"paragraph\">se sald\u00f3 este viernes con\u00a0<b>nuevas detenciones y destrozos en una unidad policial, incluida la quema de cinco veh\u00edculos<\/b>.<\/p>\n<p class=\"paragraph\">Decenas de cocaleros marcharon nuevamente en los barrios de Villa El Carmen y Villa F\u00e1tima con la intenci\u00f3n de llegar hasta la sede de la<\/p>\n<p class=\"paragraph\">Asociaci\u00f3n Departamental de Productores de Coca<strong> (Adepcoca)<\/strong><\/p>\n<p class=\"paragraph\">\u00a0donde tambi\u00e9n funciona uno de los dos mercados legales autorizados para la venta de coca en el pa\u00eds.<\/p>\n<div class=\"inline ad-wrapper\">\n<div class=\"dfpAd display_inline_block ad_margin_wrapper\">\n<div id=\"america\/america_latina\/nota\/inline\" class=\"america\/america_latina\/nota\/inline arcad\" data-google-query-id=\"CM60sKfTmvMCFWv5KAUd_IIDtw\">\n<div id=\"google_ads_iframe_\/1058609\/america\/america_latina\/nota\/inline_0__container__\"><\/div>\n<\/div>\n<\/div>\n<\/div>\n<p class=\"paragraph\">La Polic\u00eda, que est\u00e1 desplegada en los alrededores del mercado desde que comenz\u00f3 el conflicto,\u00a0<b>volvi\u00f3 a frenar el avance de los movilizados<\/b><\/p>\n<p class=\"paragraph\"><b> con cargas de gases lacrim\u00f3genos<\/b>, ante lo cual los manifestantes respond\u00edan\u00a0<b>lanzando piedras y detonando petardos<\/b>.<\/p>\n<p class=\"paragraph\"><b>En un momento se gener\u00f3 un incendio en una unidad policial en el lugar conocido como Puente Minasa <\/b><\/p>\n<p class=\"paragraph\"><b>que alcanz\u00f3 a cinco veh\u00edculos patrulleros y luego fue sofocado por los bomberos<\/b>.<\/p>\n<p>&nbsp;<\/p>\n<p class=\"paragraph\">\u201cLa informaci\u00f3n preliminar es que no hay ninguna persona herida, solo son da\u00f1os materiales cuantiosos al interior de este m\u00f3dulo policial\u201d<\/p>\n<p class=\"paragraph\">dijo a <i>Efe<\/i>\u00a0el director departamental de Bomberos La Paz, coronel Marco Navia.<\/p>\n<p class=\"paragraph\">A causa del conflicto,\u00a0<b>la Alcald\u00eda de La Paz dispuso el cierre temporal de la terminal de autobuses de Minasa y evacu\u00f3 a su personal<\/b><\/p>\n<p class=\"paragraph\">y los veh\u00edculos que se encontraban en el lugar, cercano a la unidad policial da\u00f1ada.<\/p>\n<p class=\"paragraph\">Tambi\u00e9n se difundieron videos con denuncias de los vecinos que viven en los barrios afectados por el conflicto sobre la supuesta presencia de<\/p>\n<p class=\"paragraph\">\u00a0<b>civiles que han lanzado cargas de dinamita contra viviendas y comercios particulares<\/b><\/p>\n<p class=\"paragraph\">\u00a0en medio del conflicto en presencia de la Polic\u00eda sin ser detenidos.<\/p>\n<p>&nbsp;<\/p>\n<p class=\"paragraph\"><b>Los antecedentes<\/b><\/p>\n<p class=\"paragraph\">El problema se origin\u00f3 en una disputa entre dos sectores de cocaleros identificados como afines al gubernamental Movimiento al Socialismo<strong> (MAS) <\/strong><\/p>\n<p class=\"paragraph\">y un tercero del dirigente cr\u00edtico al <strong>Gobierno Armin Lluta por la presidencia de Adepcoca.<\/strong><\/p>\n<p class=\"paragraph\">El lunes, el <strong>dirigente Arnold Alanes<\/strong> se proclam\u00f3 como principal dirigente de Adepcoca, pese al rechazo de las facciones lideradas por<strong> Lluta y Fernando Calle.<\/strong><\/p>\n<p class=\"paragraph\">Alanes tom\u00f3 control de la sede y el mercado el martes en la madrugada con apoyo de la Polic\u00eda<\/p>\n<p class=\"paragraph\">que carg\u00f3 con\u00a0<b>gases lacrim\u00f3genos contra cocaleros<\/b> del grupo de Lluta que se encontraba en vigilia desde hace meses en el lugar.<\/p>\n<p>&nbsp;<\/p>\n<p class=\"paragraph\"><b>La presidencia de Alanes ha sido avalada por el Gobierno de Luis Arce, lo que gener\u00f3 el rechazo de los sectores cocaleros que critican al dirigente<\/b><\/p>\n<p class=\"paragraph\">\u00a0y que aseguran que el Ejecutivo deber\u00eda mantenerse al margen de un asunto de una instituci\u00f3n que no es estatal.<\/p>\n<p class=\"paragraph\">En esta jornada surgi\u00f3 una cuarta facci\u00f3n cocalera denominada \u201c<b>Comit\u00e9 de Autodefensa<\/b>\u201d que exige la renuncia de los tres dirigentes, la elecci\u00f3n leg\u00edtima de un nuevo l\u00edder<\/p>\n<p class=\"paragraph\">para Adepcoca y que se les permita ingresar al mercado para vender su producci\u00f3n, algo que hasta ahora no han podido hacer.<\/p>\n<p class=\"paragraph\">En la v\u00edspera el enfrentamiento entre polic\u00edas y cocaleros dej\u00f3 33 personas arrestadas, de las cuales 27 fueron puestas en libertad este viernes. <strong>(I)<\/strong><\/p>\n<div class=\"visual__image \"><img fetchpriority=\"high\" decoding=\"async\" class=\"\" src=\"https:\/\/www.infobae.com\/new-resizer\/_AJEUJNZqBI3vZAD9Skhxs7OFWs=\/420x236\/filters:format(jpg):quality(85)\/cloudfront-us-east-1.images.arcpublishing.com\/infobae\/VWZZV6K24RE5FG2QGPVUZJONWY.jpg%20420w\" alt=\"Agentes antidisturbios en una unidad policial incendiada en medio de enfrentamientos (EFE\/Stringer)\" width=\"721\" height=\"406\" \/><\/div>\n<div class=\"visual__image \">Agentes antidisturbios en una unidad policial incendiada en medio de enfrentamientos (EFE\/Stringer)<\/div>\n<div class=\"visual__image \"><img decoding=\"async\" class=\"\" src=\"https:\/\/www.infobae.com\/new-resizer\/vy3pUh5anfuxknPrixUZiq3Gd2Q=\/420x280\/filters:format(jpg):quality(85)\/cloudfront-us-east-1.images.arcpublishing.com\/infobae\/L23765DYIJFTNOFQPR6XCIDUOE.jpg%20420w\" alt=\"Miembros de la polic\u00eda boliviana fueron registrados al enfrentar a manifestantes cocaleros (EFE\/Martin Alipaz)\" width=\"725\" height=\"483\" \/><\/div>\n<div class=\"visual__image \">Miembros de la polic\u00eda boliviana fueron registrados al enfrentar a manifestantes cocaleros<\/div>\n<div class=\"visual__image \">(EFE\/Martin Alipaz)<\/div>\n<p><iframe title=\"\ud83d\udd25DETENIDOS EN CONFLICTO COCALERO\" width=\"1200\" height=\"675\" src=\"https:\/\/www.youtube.com\/embed\/-tBkAh9LKNk?feature=oembed\" frameborder=\"0\" allow=\"accelerometer; autoplay; clipboard-write; encrypted-media; gyroscope; picture-in-picture; web-share\" referrerpolicy=\"strict-origin-when-cross-origin\" allowfullscreen><\/iframe><\/p>\n<p>Fuente: evafm,net &#8211; youtube.com<\/p>\n<div class=\"gsp_post_data\" \r\n\t            data-post_type=\"post\" \r\n\t            data-cat=\"noticias-internacionales\" \r\n\t            data-modified=\"120\"\r\n\t            data-created=\"1632573781\"\r\n\t            data-title=\"Recrudece el conflicto cocalero en Bolivia\" \r\n\t            data-home=\"https:\/\/www.evafm.net\/sitio\"><\/div>","protected":false},"excerpt":{"rendered":"<p>Una nueva jornada de enfrentamientos entre agentes y productores de hojas de coca que intentan retomar su sede en La Paz se sald\u00f3 este viernes con\u00a0nuevas detenciones y destrozos en una unidad policial, incluida la quema de cinco veh\u00edculos. Decenas de cocaleros marcharon nuevamente en los barrios de Villa El Carmen y Villa F\u00e1tima con&#8230;<\/p>\n","protected":false},"author":5,"featured_media":66122,"comment_status":"closed","ping_status":"open","sticky":false,"template":"","format":"standard","meta":{"_joinchat":[],"footnotes":""},"categories":[1345],"tags":[],"class_list":["post-66121","post","type-post","status-publish","format-standard","has-post-thumbnail","hentry","category-noticias-internacionales","have-post-thumb"],"_links":{"self":[{"href":"https:\/\/www.evafm.net\/sitio\/wp-json\/wp\/v2\/posts\/66121","targetHints":{"allow":["GET"]}}],"collection":[{"href":"https:\/\/www.evafm.net\/sitio\/wp-json\/wp\/v2\/posts"}],"about":[{"href":"https:\/\/www.evafm.net\/sitio\/wp-json\/wp\/v2\/types\/post"}],"author":[{"embeddable":true,"href":"https:\/\/www.evafm.net\/sitio\/wp-json\/wp\/v2\/users\/5"}],"replies":[{"embeddable":true,"href":"https:\/\/www.evafm.net\/sitio\/wp-json\/wp\/v2\/comments?post=66121"}],"version-history":[{"count":1,"href":"https:\/\/www.evafm.net\/sitio\/wp-json\/wp\/v2\/posts\/66121\/revisions"}],"predecessor-version":[{"id":66123,"href":"https:\/\/www.evafm.net\/sitio\/wp-json\/wp\/v2\/posts\/66121\/revisions\/66123"}],"wp:featuredmedia":[{"embeddable":true,"href":"https:\/\/www.evafm.net\/sitio\/wp-json\/wp\/v2\/media\/66122"}],"wp:attachment":[{"href":"https:\/\/www.evafm.net\/sitio\/wp-json\/wp\/v2\/media?parent=66121"}],"wp:term":[{"taxonomy":"category","embeddable":true,"href":"https:\/\/www.evafm.net\/sitio\/wp-json\/wp\/v2\/categories?post=66121"},{"taxonomy":"post_tag","embeddable":true,"href":"https:\/\/www.evafm.net\/sitio\/wp-json\/wp\/v2\/tags?post=66121"}],"curies":[{"name":"wp","href":"https:\/\/api.w.org\/{rel}","templated":true}]}}