{"id":66138,"date":"2021-09-25T14:35:29","date_gmt":"2021-09-25T19:35:29","guid":{"rendered":"https:\/\/www.evafm.net\/sitio\/?p=66138"},"modified":"2021-09-25T14:38:30","modified_gmt":"2021-09-25T19:38:30","slug":"yalitza-aparicio-fue-elegida-por-prestigiosa-marca-de-ropa","status":"publish","type":"post","link":"https:\/\/www.evafm.net\/sitio\/yalitza-aparicio-fue-elegida-por-prestigiosa-marca-de-ropa\/","title":{"rendered":"Yalitza Aparicio fue elegida por prestigiosa marca de ropa"},"content":{"rendered":"<p class=\"paragraph\">La actriz de la aclamada pel\u00edcula<i>\u00a0Roma<\/i>,\u00a0<b>Yalitza Aparicio<\/b>, sorprendi\u00f3 a sus seguidores con un exclusivo bolso de la temporada de<\/p>\n<p class=\"paragraph\"><b>\u00a0primavera 2022 de la marca de lujo Prada.<\/b><\/p>\n<p class=\"paragraph\">\u00a0Y, aunque algunos elogiaron su belleza, otros criticaron el atuendo.<\/p>\n<p class=\"paragraph\">Desde su cuenta de Instagram, Yalitza comparti\u00f3 una fotograf\u00eda aparentemente en una sesi\u00f3n de fotos organizada por la marca.<\/p>\n<p class=\"paragraph\">En ella port\u00f3 un atuendo amarillo con detalles oscuros y una falta negra a la altura de la cintura.<\/p>\n<p class=\"paragraph\">Adem\u00e1s, llev\u00f3 el cabello suelto con dos trenzas de colores del lado izquierdo.<\/p>\n<p>&nbsp;<\/p>\n<p>Yalitza pos\u00f3 con un bolso azul el\u00e9ctrico de la marca. Inmediatamente, sus seguidores comenzaron a elogiar el atuendo orquestado por<\/p>\n<p>Pablo Rivera Gil : \u201c\u00a1Wow! Me encanta, paisana.<\/p>\n<p>Y am\u00e9 el vestido\u201d, escribi\u00f3 la actriz de telenovelas<b>\u00a0Claudia Martin.<\/b><\/p>\n<p>&nbsp;<\/p>\n<p class=\"paragraph\">Esto dio pauta a que l<b>a protagonista de\u00a0<\/b><i><b>Roma<\/b><\/i><b> hablara de qu\u00e9 manera le afect\u00f3 el racismo que recibi\u00f3 no s\u00f3lo de por parte de otros actores<\/b><\/p>\n<p class=\"paragraph\"><b> sino tambi\u00e9n de sus mismos compatriotas<\/b>.<\/p>\n<p class=\"paragraph\">Esto hizo que\u00a0Aparicio dudara en abrirles las puertas a nuevos proyectos cinematogr\u00e1ficos.<\/p>\n<p class=\"paragraph\">Sin embargo, la <strong>oaxaque\u00f1a de 27<\/strong> a\u00f1os se\u00f1al\u00f3 que esos malos comentarios la motivaron a crear contenido que inspire a su seguidores.<\/p>\n<p class=\"paragraph\">\u201c<b>Pens\u00e9: \u2018No puede ser que exista esta discriminaci\u00f3n y ese rechazo hacia nosotros mismos\u2019.<\/b><\/p>\n<p class=\"paragraph\"><b> Lo ve\u00eda en los comentarios y las cr\u00edticas hacia m\u00ed, por ejemplo<\/b>.<\/p>\n<p class=\"paragraph\">Me preguntaban mucho si quer\u00eda seguir en el cine y no lo sab\u00eda porque era ese bombardeo contra la ilusi\u00f3n.<\/p>\n<p class=\"paragraph\">Pero surgi\u00f3 un deseo de poder decir: \u2018Ahora quien venga despu\u00e9s, no tiene que sufrir por esto\u2019, como dije, hay que abrir puertas.<\/p>\n<p class=\"paragraph\"><b>Entend\u00ed que tengo una buena plataforma para inspirar a otras personas y no quiero que pasen por lo que pas\u00e9<\/b>\u201d, cont\u00f3 la actriz. (E)<\/p>\n<p>&nbsp;<\/p>\n<p><img decoding=\"async\" src=\"https:\/\/www.centrodeinformes.com.ar\/wp-content\/uploads\/2021\/09\/UJBYBVKETFFAZBXKC37GWEZQII.jpg\" alt=\"Yalitza Aparicio fue elegida por prestigiosa marca de ropa para modelar  exclusivos dise\u00f1os - Centro de Informes\" \/><\/p>\n<p>&nbsp;<\/p>\n<p>Fuente: evafm,.net<\/p>\n<div class=\"gsp_post_data\" \r\n\t            data-post_type=\"post\" \r\n\t            data-cat=\"farandula-internacional,general\" \r\n\t            data-modified=\"120\"\r\n\t            data-created=\"1632580529\"\r\n\t            data-title=\"Yalitza Aparicio fue elegida por prestigiosa marca de ropa\" \r\n\t            data-home=\"https:\/\/www.evafm.net\/sitio\"><\/div>","protected":false},"excerpt":{"rendered":"<p>La actriz de la aclamada pel\u00edcula\u00a0Roma,\u00a0Yalitza Aparicio, sorprendi\u00f3 a sus seguidores con un exclusivo bolso de la temporada de \u00a0primavera 2022 de la marca de lujo Prada. \u00a0Y, aunque algunos elogiaron su belleza, otros criticaron el atuendo. Desde su cuenta de Instagram, Yalitza comparti\u00f3 una fotograf\u00eda aparentemente en una sesi\u00f3n de fotos organizada por la&#8230;<\/p>\n","protected":false},"author":5,"featured_media":66139,"comment_status":"closed","ping_status":"open","sticky":false,"template":"","format":"standard","meta":{"_joinchat":[],"footnotes":""},"categories":[1346,1720],"tags":[],"class_list":["post-66138","post","type-post","status-publish","format-standard","has-post-thumbnail","hentry","category-farandula-internacional","category-general","have-post-thumb"],"_links":{"self":[{"href":"https:\/\/www.evafm.net\/sitio\/wp-json\/wp\/v2\/posts\/66138","targetHints":{"allow":["GET"]}}],"collection":[{"href":"https:\/\/www.evafm.net\/sitio\/wp-json\/wp\/v2\/posts"}],"about":[{"href":"https:\/\/www.evafm.net\/sitio\/wp-json\/wp\/v2\/types\/post"}],"author":[{"embeddable":true,"href":"https:\/\/www.evafm.net\/sitio\/wp-json\/wp\/v2\/users\/5"}],"replies":[{"embeddable":true,"href":"https:\/\/www.evafm.net\/sitio\/wp-json\/wp\/v2\/comments?post=66138"}],"version-history":[{"count":3,"href":"https:\/\/www.evafm.net\/sitio\/wp-json\/wp\/v2\/posts\/66138\/revisions"}],"predecessor-version":[{"id":66142,"href":"https:\/\/www.evafm.net\/sitio\/wp-json\/wp\/v2\/posts\/66138\/revisions\/66142"}],"wp:featuredmedia":[{"embeddable":true,"href":"https:\/\/www.evafm.net\/sitio\/wp-json\/wp\/v2\/media\/66139"}],"wp:attachment":[{"href":"https:\/\/www.evafm.net\/sitio\/wp-json\/wp\/v2\/media?parent=66138"}],"wp:term":[{"taxonomy":"category","embeddable":true,"href":"https:\/\/www.evafm.net\/sitio\/wp-json\/wp\/v2\/categories?post=66138"},{"taxonomy":"post_tag","embeddable":true,"href":"https:\/\/www.evafm.net\/sitio\/wp-json\/wp\/v2\/tags?post=66138"}],"curies":[{"name":"wp","href":"https:\/\/api.w.org\/{rel}","templated":true}]}}