{"id":66155,"date":"2021-09-27T14:52:30","date_gmt":"2021-09-27T19:52:30","guid":{"rendered":"https:\/\/www.evafm.net\/sitio\/?p=66155"},"modified":"2021-09-27T14:52:42","modified_gmt":"2021-09-27T19:52:42","slug":"ministros-retiraron-fondos-de-pension-en-chile","status":"publish","type":"post","link":"https:\/\/www.evafm.net\/sitio\/ministros-retiraron-fondos-de-pension-en-chile\/","title":{"rendered":"Ministros retiraron fondos de pensi\u00f3n en Chile"},"content":{"rendered":"<p class=\"paragraph\">Una nueva pol\u00e9mica estall\u00f3 al interior del Gobierno de Chile luego de que\u00a0<b>altos funcionarios reconocieran haber retirado fondos desde sus AFP<\/b><\/p>\n<p class=\"paragraph\">\u00a0a pesar que se opon\u00edan p\u00fablicamente a esta pol\u00edtica.<\/p>\n<p class=\"paragraph\"><b>Desde el estallido de la pandemia en 2020 Chile, ha aprobado tres retiros excepcionales de dinero desde las<\/b><\/p>\n<p class=\"paragraph\"><b> Aseguradoras de Fondos de Pensiones (AFP)<\/b> debido a la crisis sanitaria y econ\u00f3mica.<\/p>\n<p class=\"paragraph\">El primero de estos ocurri\u00f3 el <strong>30 de julio del 2020,<\/strong> el segundo desde el <strong>10 de diciembre del 2020<\/strong> y el tercero entr\u00f3 en vigencia el <strong>28 de abril del 2021.<\/strong><\/p>\n<p>&nbsp;<\/p>\n<p class=\"paragraph\"><b>Los retiros se realizaban mediante internet sin necesidad de recurrir a una sucursal<\/b>, y solamente introduciendo los datos personales de cada afiliado.<\/p>\n<p class=\"paragraph\"><b>Solo se pod\u00eda extraer el 10% de los fondos en cada retiro y el gobierno chileno siempre estuvo en contra de estas medidas.<\/b><\/p>\n<p>&nbsp;<\/p>\n<p class=\"paragraph\">El esc\u00e1ndalo se inici\u00f3 luego que Rodrigo Cerda,\u00a0<b>el ministro de Hacienda de Chile, admitiera haber hecho uso del primer retiro de fondos desde las AFP.<\/b><\/p>\n<p class=\"paragraph\">La revelaci\u00f3n cay\u00f3 como una bomba en la pol\u00edtica nacional porque esta autoridad es actualmente uno de los principales opositores a esta pol\u00edtica.<\/p>\n<p class=\"paragraph\">El ministro explic\u00f3 a RadioBioB\u00edo que \u201c<b>en ese momento yo no estaba en el Gobierno y lo pude hacer<\/b>.<\/p>\n<p class=\"paragraph\">Uno lo que pensaba es que esto era una pol\u00edtica completamente transitoria.<\/p>\n<p class=\"paragraph\">Pero despu\u00e9s cuando uno se da cuenta que\u00a0<b>cuando empiezan a ocurrir m\u00e1s cosas, uno se preocupa de sus propios fondos de pensiones<\/b>\u201d.<\/p>\n<p>&nbsp;<\/p>\n<p class=\"paragraph\">A pesar de haber realizado el primer retiro desde las AFP<b> el ministro Cerda volvi\u00f3 a reiterar su postura en contra de esta pol\u00edtica<\/b><\/p>\n<p class=\"paragraph\">\u00a0apuntando al proyecto del cuarto retiro que actualmente se tramita en el Parlamento.<\/p>\n<p class=\"paragraph\">Seg\u00fan sus palabras esta iniciativa podr\u00eda generar una baja en las pensiones.<\/p>\n<p class=\"paragraph\">\u201c<b>En las personas que hayan hecho tres retiros, habr\u00e1 una ca\u00edda de sus pensiones en un 40%\u201d, Cerda<\/b>.<\/p>\n<p class=\"paragraph\">Pocas horas despu\u00e9s de esta revelaci\u00f3n una segunda autoridad de gobierno admiti\u00f3 haber realizado uno de los retiros.<\/p>\n<p>&nbsp;<\/p>\n<p class=\"paragraph\"><b>ste fue el caso de la ministra de Medioambiente Carolina Schmidt quien sostuvo que <\/b><\/p>\n<p class=\"paragraph\"><b>\u201cyo \u2013al igual que todas las personas\u2013 tengo mi plata en las AFP.<\/b><\/p>\n<p class=\"paragraph\">\u00a0Hice un retiro\u201d y que <strong>\u201clo hice porque necesitaba, una emergencia\u201d.<\/strong><\/p>\n<p>&nbsp;<\/p>\n<p class=\"paragraph\"><b>Schmidt aprovech\u00f3 la oportunidad para rechazar un cuarto retiro de fondos de AFP porque es \u201cuna mala pol\u00edtica p\u00fablica\u201d.<\/b><\/p>\n<p class=\"paragraph\"><b>\u201cLo que estamos haciendo hoy d\u00eda es generar una inflaci\u00f3n que termina comi\u00e9ndose la plata de quienes m\u00e1s lo necesitan<\/b>\u201d<\/p>\n<p class=\"paragraph\">manifest\u00f3 Schmidt, agregando que estos retiros se comprend\u00edan \u201ccuando hab\u00eda una urgencia\u201d sanitaria y econ\u00f3mica.<\/p>\n<p>&nbsp;<\/p>\n<p class=\"paragraph\">Este fue el caso de la ex subsecretaria de Prevenci\u00f3n del Delito, Katherine Martorell\u00a0<b>quien actualmente integra el comando<\/b><\/p>\n<p class=\"paragraph\"><b> del candidato presidencial de derecha Sebasti\u00e1n Sichel.<\/b><\/p>\n<p class=\"paragraph\"><b>Martorell explic\u00f3 que hizo uso de un retiro porque hab\u00eda una \u201csituaci\u00f3n familiar\u201d de por medio.<\/b><\/p>\n<p class=\"paragraph\">\u201cYo hice un retiro del 10%, s\u00f3lo uno y lo hice por una situaci\u00f3n familiar, una enfermedad familiar\u201d, dijo la ex subsecretaria<\/p>\n<p class=\"paragraph\"><b>La ex subsecretaria agreg\u00f3 que le parece una \u201cmala se\u00f1al\u201d hablar de los retiros sino se conversa primero c\u00f3mo devolver <\/b><b>estos recursos a las personas.<\/b><\/p>\n<p class=\"paragraph\">\u201cMe parece, insisto, la mala se\u00f1al de hablar de los retiros versus la importancia de hablar de c\u00f3mo vamos a devolverle a las personas los fondos<\/p>\n<p class=\"paragraph\">y c\u00f3mo vamos a darle pensiones dignas\u201d, dijo Martorell. <strong>(I)<\/strong><\/p>\n<p>&nbsp;<\/p>\n<p><img fetchpriority=\"high\" decoding=\"async\" class=\"\" src=\"https:\/\/www.infobae.com\/new-resizer\/WwcYK3zO8m2vfJkCpOBL85UfqK8=\/420x560\/filters:format(jpg):quality(85)\/cloudfront-us-east-1.images.arcpublishing.com\/infobae\/HRSJ3QB6YSZVYTNFNHISZXMCQE.jpg%20420w\" alt=\"El ministro de Hacienda de Chile, Rodrigo Cerda. REUTERS\/Rodrigo Garrido\/File Photo\" width=\"556\" height=\"741\" \/><\/p>\n<p>El ministro de Hacienda de Chile, Rodrigo Cerda.<\/p>\n<p>REUTERS\/Rodrigo Garrido\/File Photo<\/p>\n<p>&nbsp;<\/p>\n<p><img decoding=\"async\" class=\"\" src=\"https:\/\/www.infobae.com\/new-resizer\/bz5rauPNh9kEnCltTztv87dWZ2M=\/420x236\/filters:format(jpg):quality(85)\/cloudfront-us-east-1.images.arcpublishing.com\/infobae\/VMLZ5WOIERBTTFQTFRUQYDZ22M.jpg%20420w\" alt=\"La ex subsecretaria de Prevenci\u00f3n del Delito, Katherine Martorell.\" width=\"569\" height=\"320\" \/><\/p>\n<p>La ex subsecretaria de Prevenci\u00f3n del Delito, Katherine Martorell.<\/p>\n<p>&nbsp;<\/p>\n<p>Fuente: evafm.net<\/p>\n<div class=\"gsp_post_data\" \r\n\t            data-post_type=\"post\" \r\n\t            data-cat=\"noticias-internacionales\" \r\n\t            data-modified=\"120\"\r\n\t            data-created=\"1632754350\"\r\n\t            data-title=\"Ministros retiraron fondos de pensi\u00f3n en Chile\" \r\n\t            data-home=\"https:\/\/www.evafm.net\/sitio\"><\/div>","protected":false},"excerpt":{"rendered":"<p>Una nueva pol\u00e9mica estall\u00f3 al interior del Gobierno de Chile luego de que\u00a0altos funcionarios reconocieran haber retirado fondos desde sus AFP \u00a0a pesar que se opon\u00edan p\u00fablicamente a esta pol\u00edtica. Desde el estallido de la pandemia en 2020 Chile, ha aprobado tres retiros excepcionales de dinero desde las Aseguradoras de Fondos de Pensiones (AFP) debido&#8230;<\/p>\n","protected":false},"author":5,"featured_media":66156,"comment_status":"closed","ping_status":"open","sticky":false,"template":"","format":"standard","meta":{"_joinchat":[],"footnotes":""},"categories":[1345],"tags":[],"class_list":["post-66155","post","type-post","status-publish","format-standard","has-post-thumbnail","hentry","category-noticias-internacionales","have-post-thumb"],"_links":{"self":[{"href":"https:\/\/www.evafm.net\/sitio\/wp-json\/wp\/v2\/posts\/66155","targetHints":{"allow":["GET"]}}],"collection":[{"href":"https:\/\/www.evafm.net\/sitio\/wp-json\/wp\/v2\/posts"}],"about":[{"href":"https:\/\/www.evafm.net\/sitio\/wp-json\/wp\/v2\/types\/post"}],"author":[{"embeddable":true,"href":"https:\/\/www.evafm.net\/sitio\/wp-json\/wp\/v2\/users\/5"}],"replies":[{"embeddable":true,"href":"https:\/\/www.evafm.net\/sitio\/wp-json\/wp\/v2\/comments?post=66155"}],"version-history":[{"count":1,"href":"https:\/\/www.evafm.net\/sitio\/wp-json\/wp\/v2\/posts\/66155\/revisions"}],"predecessor-version":[{"id":66157,"href":"https:\/\/www.evafm.net\/sitio\/wp-json\/wp\/v2\/posts\/66155\/revisions\/66157"}],"wp:featuredmedia":[{"embeddable":true,"href":"https:\/\/www.evafm.net\/sitio\/wp-json\/wp\/v2\/media\/66156"}],"wp:attachment":[{"href":"https:\/\/www.evafm.net\/sitio\/wp-json\/wp\/v2\/media?parent=66155"}],"wp:term":[{"taxonomy":"category","embeddable":true,"href":"https:\/\/www.evafm.net\/sitio\/wp-json\/wp\/v2\/categories?post=66155"},{"taxonomy":"post_tag","embeddable":true,"href":"https:\/\/www.evafm.net\/sitio\/wp-json\/wp\/v2\/tags?post=66155"}],"curies":[{"name":"wp","href":"https:\/\/api.w.org\/{rel}","templated":true}]}}