{"id":69339,"date":"2022-06-07T14:25:12","date_gmt":"2022-06-07T19:25:12","guid":{"rendered":"https:\/\/www.evafm.net\/sitio\/?p=69339"},"modified":"2022-06-07T14:25:12","modified_gmt":"2022-06-07T19:25:12","slug":"byron-castillo-firmo-contrato-con-el-grupo-pachuca","status":"publish","type":"post","link":"https:\/\/www.evafm.net\/sitio\/byron-castillo-firmo-contrato-con-el-grupo-pachuca\/","title":{"rendered":"Byron Castillo firm\u00f3 contrato con el Grupo Pachuca"},"content":{"rendered":"<p>Byron Castillo no seguir\u00e1 en Barcelona. As\u00ed lo confirm\u00f3 Jos\u00e9 Chamorro, representante del jugador, en una entrevista con<strong> El Canal del F\u00fatbol<\/strong><\/p>\n<p>donde asegur\u00f3 que el futbolista ya tiene un contrato firmado con el Grupo Pachuca de M\u00e9xico, este grupo maneja varios equipos.<\/p>\n<p>Uno de ellos es obviamente el Pachuca, pero tambi\u00e9n el Le\u00f3n, tambi\u00e9n de M\u00e9xico, que actualmente es dirigido por el portugu\u00e9s <strong>Renato Paiva<\/strong><\/p>\n<p>que sali\u00f3 de Independiente del Valle.<\/p>\n<p>El Le\u00f3n se ha convertido en uno de los equipos protagonistas de la Liga mexicana en los \u00faltimos a\u00f1os, teniendo como principal figura<\/p>\n<p>al ecuatoriano <strong>\u00c1ngel Mena. (D)<\/strong><\/p>\n<blockquote class=\"twitter-tweet\" data-width=\"550\" data-dnt=\"true\">\n<p lang=\"es\" dir=\"ltr\">\ud83d\udd34 \u00daLTIMA HORA: <a href=\"https:\/\/twitter.com\/hashtag\/ByronCastillo?src=hash&amp;ref_src=twsrc%5Etfw\">#ByronCastillo<\/a> \ud83c\uddea\ud83c\udde8 FIRM\u00d3 CON EL GRUPO PACHUCA \ud83c\uddf2\ud83c\uddfd\u26bd\ufe0f<\/p>\n<p>\ud83c\udf99\ufe0f Jos\u00e9 Chamorro: &quot;ayer se firm\u00f3 con el grupo Pachuca. Esta semana se va definir para que equipo va&quot;<\/p>\n<p>\ud83c\udf99\ufe0f Informe: <a href=\"https:\/\/twitter.com\/GabyAlcivar7?ref_src=twsrc%5Etfw\">@GabyAlcivar7<\/a><br \/>\ud83d\udcf9 C\u00e1mara: <a href=\"https:\/\/twitter.com\/jan_io?ref_src=twsrc%5Etfw\">@jan_io<\/a><br \/>  <a href=\"https:\/\/twitter.com\/hashtag\/ECDFUIO?src=hash&amp;ref_src=twsrc%5Etfw\">#ECDFUIO<\/a> <a href=\"https:\/\/twitter.com\/hashtag\/ECDFMundialista?src=hash&amp;ref_src=twsrc%5Etfw\">#ECDFMundialista<\/a> <a href=\"https:\/\/t.co\/iVep1fvQLz\">pic.twitter.com\/iVep1fvQLz<\/a><\/p>\n<p>&mdash; \u00aeEl Canal del F\u00fatbol \ud83c\uddea\ud83c\udde8\u26bd (@ElCanalDFutbol) <a href=\"https:\/\/twitter.com\/ElCanalDFutbol\/status\/1533821996643012608?ref_src=twsrc%5Etfw\">June 6, 2022<\/a><\/p><\/blockquote>\n<p><script async src=\"https:\/\/platform.twitter.com\/widgets.js\" charset=\"utf-8\"><\/script><\/p>\n<p>&nbsp;<\/p>\n<p><img decoding=\"async\" src=\"https:\/\/p7s5h3q6.stackpathcdn.com\/wp-content\/uploads\/2022\/06\/67a85357-6e83-4cb8-9554-d29d84bf5d4f-1-640x360.jpg\" alt=\"VIDEO) Byron Castillo ya firm\u00f3 con Grupo Pachuca | StudioFutbol\" \/><\/p>\n<p>Fuente: evafm.net &#8211; twitter.com<\/p>\n<p>&nbsp;<\/p>\n<div class=\"gsp_post_data\" \r\n\t            data-post_type=\"post\" \r\n\t            data-cat=\"deportes-internacionales,general\" \r\n\t            data-modified=\"120\"\r\n\t            data-created=\"1654611912\"\r\n\t            data-title=\"Byron Castillo firm\u00f3 contrato con el Grupo Pachuca\" \r\n\t            data-home=\"https:\/\/www.evafm.net\/sitio\"><\/div>","protected":false},"excerpt":{"rendered":"<p>Byron Castillo no seguir\u00e1 en Barcelona. As\u00ed lo confirm\u00f3 Jos\u00e9 Chamorro, representante del jugador, en una entrevista con El Canal del F\u00fatbol donde asegur\u00f3 que el futbolista ya tiene un contrato firmado con el Grupo Pachuca de M\u00e9xico, este grupo maneja varios equipos. Uno de ellos es obviamente el Pachuca, pero tambi\u00e9n el Le\u00f3n, tambi\u00e9n&#8230;<\/p>\n","protected":false},"author":5,"featured_media":69340,"comment_status":"closed","ping_status":"open","sticky":false,"template":"","format":"standard","meta":{"_joinchat":[],"footnotes":""},"categories":[1342,1720],"tags":[],"class_list":["post-69339","post","type-post","status-publish","format-standard","has-post-thumbnail","hentry","category-deportes-internacionales","category-general","have-post-thumb"],"_links":{"self":[{"href":"https:\/\/www.evafm.net\/sitio\/wp-json\/wp\/v2\/posts\/69339","targetHints":{"allow":["GET"]}}],"collection":[{"href":"https:\/\/www.evafm.net\/sitio\/wp-json\/wp\/v2\/posts"}],"about":[{"href":"https:\/\/www.evafm.net\/sitio\/wp-json\/wp\/v2\/types\/post"}],"author":[{"embeddable":true,"href":"https:\/\/www.evafm.net\/sitio\/wp-json\/wp\/v2\/users\/5"}],"replies":[{"embeddable":true,"href":"https:\/\/www.evafm.net\/sitio\/wp-json\/wp\/v2\/comments?post=69339"}],"version-history":[{"count":1,"href":"https:\/\/www.evafm.net\/sitio\/wp-json\/wp\/v2\/posts\/69339\/revisions"}],"predecessor-version":[{"id":69341,"href":"https:\/\/www.evafm.net\/sitio\/wp-json\/wp\/v2\/posts\/69339\/revisions\/69341"}],"wp:featuredmedia":[{"embeddable":true,"href":"https:\/\/www.evafm.net\/sitio\/wp-json\/wp\/v2\/media\/69340"}],"wp:attachment":[{"href":"https:\/\/www.evafm.net\/sitio\/wp-json\/wp\/v2\/media?parent=69339"}],"wp:term":[{"taxonomy":"category","embeddable":true,"href":"https:\/\/www.evafm.net\/sitio\/wp-json\/wp\/v2\/categories?post=69339"},{"taxonomy":"post_tag","embeddable":true,"href":"https:\/\/www.evafm.net\/sitio\/wp-json\/wp\/v2\/tags?post=69339"}],"curies":[{"name":"wp","href":"https:\/\/api.w.org\/{rel}","templated":true}]}}