{"id":69342,"date":"2022-06-07T14:33:45","date_gmt":"2022-06-07T19:33:45","guid":{"rendered":"https:\/\/www.evafm.net\/sitio\/?p=69342"},"modified":"2022-06-07T14:33:45","modified_gmt":"2022-06-07T19:33:45","slug":"jose-francisco-cevallos-fue-suspendido-como-socio-de-barcelona","status":"publish","type":"post","link":"https:\/\/www.evafm.net\/sitio\/jose-francisco-cevallos-fue-suspendido-como-socio-de-barcelona\/","title":{"rendered":"Jos\u00e9 Francisco Cevallos fue suspendido como socio de Barcelona"},"content":{"rendered":"<p><strong>Jos\u00e9 Francisco Cevallos<\/strong>, expresidente y jugador del\u00a0<strong>Barcelona SC<\/strong>, fue suspendido por ocho a\u00f1os como socio activo de la instituci\u00f3n amarilla.<\/p>\n<p id=\"m175-174-176\">As\u00ed lo dio a conocer Rafael Verduga,\u00a0<strong>presidente de la Comisi\u00f3n de Socios<\/strong>, este 6 de junio de 2022.<\/p>\n<div data-id=\"9V22iM3RVdQxc8SaoNsJBm74RfVdtLEVqSbMo1Ms1QpfuxYrj68U\">\n<div class=\"orp-player-wrapper orp-aspectRateFixed orp-player-ipm orp-player-ipm-hidden\" data-hidden=\"false\">\n<div class=\"orp-light-player-wrapper\">\n<div class=\"orp-player-iframe\">\n<div class=\"orp-light-player-wrapper orp-isInit orp-notMobile orp-init-loading\">\n<div class=\"orp-lp-holder\">\n<div class=\"orp-lp-controls-wrapper\">\n<div class=\"orp-ctrl orp-c-close\">A los nombres de \u2018Las Manos del Ecuador\u2019, se suman los de <strong>Jos\u00e9 Miguel P\u00e9rez<\/strong>,\u00a0<strong>Jorge Reinoso\u00a0<\/strong>y\u00a0<strong>Manuel Jacho<\/strong>, exintegrantes de la directiva del tambi\u00e9n\u00a0<strong>exministro\u00a0<\/strong>del\u00a0<strong>Deporte\u00a0<\/strong>en la presidencia de\u00a0<strong>Rafael Correa<\/strong>.<\/div>\n<\/div>\n<\/div>\n<\/div>\n<\/div>\n<\/div>\n<\/div>\n<\/div>\n<p id=\"m175-174-176\">Las causales para la decisi\u00f3n tomada por la actual dirigencia,\u00a0<strong>encabezada por Carlos Alejandro Alfaro Moreno<\/strong><\/p>\n<p>quien tambi\u00e9n fue parte del mandato de Cevallos, son por la mala inscripci\u00f3n del <strong>colombiano Sebasti\u00e1n P\u00e9rez<\/strong> en fase dos de la Copa Libertadores de 2019<\/p>\n<p>y, la no convocatoria a la <strong>Asamblea General de Socios<\/strong> especial de car\u00e1cter informativa en el mismo a\u00f1o.<strong> (D)<\/strong><\/p>\n<p>&nbsp;<\/p>\n<blockquote class=\"twitter-tweet\" data-width=\"550\" data-dnt=\"true\">\n<p lang=\"es\" dir=\"ltr\">Jos\u00e9 Francisco Cevallos y otros ex directivos de <a href=\"https:\/\/twitter.com\/hashtag\/BarcelonaSC?src=hash&amp;ref_src=twsrc%5Etfw\">#BarcelonaSC<\/a>, quedan suspendidos como socios. <\/p>\n<p>&#8211; Mala inscripci\u00f3n del jugador Sebasti\u00e1n P\u00e9rez en <a href=\"https:\/\/twitter.com\/hashtag\/Libertadores?src=hash&amp;ref_src=twsrc%5Etfw\">#Libertadores<\/a> <br \/>&#8211; No realizaci\u00f3n de Asamblea de Socios en septiembre del 2019 <a href=\"https:\/\/t.co\/rvwjXbZ3Gu\">pic.twitter.com\/rvwjXbZ3Gu<\/a><\/p>\n<p>&mdash; Karolina D\u00e1vila (@karolinadavilac) <a href=\"https:\/\/twitter.com\/karolinadavilac\/status\/1533898013571162113?ref_src=twsrc%5Etfw\">June 6, 2022<\/a><\/p><\/blockquote>\n<p><script async src=\"https:\/\/platform.twitter.com\/widgets.js\" charset=\"utf-8\"><\/script><\/p>\n<p>&nbsp;<\/p>\n<p>Fuente: evafm.net &#8211; twitter.com<\/p>\n<div class=\"gsp_post_data\" \r\n\t            data-post_type=\"post\" \r\n\t            data-cat=\"deportes-ecuador\" \r\n\t            data-modified=\"120\"\r\n\t            data-created=\"1654612425\"\r\n\t            data-title=\"Jos\u00e9 Francisco Cevallos fue suspendido como socio de Barcelona\" \r\n\t            data-home=\"https:\/\/www.evafm.net\/sitio\"><\/div>","protected":false},"excerpt":{"rendered":"<p>Jos\u00e9 Francisco Cevallos, expresidente y jugador del\u00a0Barcelona SC, fue suspendido por ocho a\u00f1os como socio activo de la instituci\u00f3n amarilla. As\u00ed lo dio a conocer Rafael Verduga,\u00a0presidente de la Comisi\u00f3n de Socios, este 6 de junio de 2022. A los nombres de \u2018Las Manos del Ecuador\u2019, se suman los de Jos\u00e9 Miguel P\u00e9rez,\u00a0Jorge Reinoso\u00a0y\u00a0Manuel Jacho,&#8230;<\/p>\n","protected":false},"author":5,"featured_media":69344,"comment_status":"closed","ping_status":"open","sticky":false,"template":"","format":"standard","meta":{"_joinchat":[],"footnotes":""},"categories":[1557],"tags":[],"class_list":["post-69342","post","type-post","status-publish","format-standard","has-post-thumbnail","hentry","category-deportes-ecuador","have-post-thumb"],"_links":{"self":[{"href":"https:\/\/www.evafm.net\/sitio\/wp-json\/wp\/v2\/posts\/69342","targetHints":{"allow":["GET"]}}],"collection":[{"href":"https:\/\/www.evafm.net\/sitio\/wp-json\/wp\/v2\/posts"}],"about":[{"href":"https:\/\/www.evafm.net\/sitio\/wp-json\/wp\/v2\/types\/post"}],"author":[{"embeddable":true,"href":"https:\/\/www.evafm.net\/sitio\/wp-json\/wp\/v2\/users\/5"}],"replies":[{"embeddable":true,"href":"https:\/\/www.evafm.net\/sitio\/wp-json\/wp\/v2\/comments?post=69342"}],"version-history":[{"count":1,"href":"https:\/\/www.evafm.net\/sitio\/wp-json\/wp\/v2\/posts\/69342\/revisions"}],"predecessor-version":[{"id":69345,"href":"https:\/\/www.evafm.net\/sitio\/wp-json\/wp\/v2\/posts\/69342\/revisions\/69345"}],"wp:featuredmedia":[{"embeddable":true,"href":"https:\/\/www.evafm.net\/sitio\/wp-json\/wp\/v2\/media\/69344"}],"wp:attachment":[{"href":"https:\/\/www.evafm.net\/sitio\/wp-json\/wp\/v2\/media?parent=69342"}],"wp:term":[{"taxonomy":"category","embeddable":true,"href":"https:\/\/www.evafm.net\/sitio\/wp-json\/wp\/v2\/categories?post=69342"},{"taxonomy":"post_tag","embeddable":true,"href":"https:\/\/www.evafm.net\/sitio\/wp-json\/wp\/v2\/tags?post=69342"}],"curies":[{"name":"wp","href":"https:\/\/api.w.org\/{rel}","templated":true}]}}