{"id":71760,"date":"2022-12-15T10:10:58","date_gmt":"2022-12-15T15:10:58","guid":{"rendered":"https:\/\/www.evafm.net\/sitio\/?p=71760"},"modified":"2022-12-15T10:10:58","modified_gmt":"2022-12-15T15:10:58","slug":"directorio-del-fmi-aprobo-el-ultimo-desembolso-para-ecuador","status":"publish","type":"post","link":"https:\/\/www.evafm.net\/sitio\/directorio-del-fmi-aprobo-el-ultimo-desembolso-para-ecuador\/","title":{"rendered":"Directorio del FMI aprob\u00f3 el \u00faltimo desembolso para Ecuador"},"content":{"rendered":"<p>El directorio ejecutivo del Fondo Monetario Internacional <strong>(FMI)<\/strong> aprob\u00f3 el s\u00e9ptimo y \u00faltimo desembolso previsto<\/p>\n<p>en el acuerdo de cr\u00e9dito, que el Gobierno de Ecuador firm\u00f3 en septiembre de 2020 y renegoci\u00f3 un a\u00f1o despu\u00e9s con el multilateral.<\/p>\n<p>Se trata de un desembolso de <strong>USD 700 millones<\/strong> que el Gobierno espera recibir durante la \u00faltima semana de diciembre de 2022.<\/p>\n<p>Con esto, Ecuador habr\u00e1 recibido <strong>USD 6.500 millones<\/strong> del organismo multilateral desde septiembre de 2020.<\/p>\n<p>Es la segunda vez que un gobierno ecuatoriano completa un programa entero con el <strong>FMI, desde 1961. <\/strong><\/p>\n<p>La primera vez fue en 2001.<\/p>\n<p>El gobierno del entonces<strong> presidente Len\u00edn Moreno<\/strong> firm\u00f3 el Programa de Servicio Ampliado con el FMI <strong>(SAF)<\/strong> en septiembre de 2020.<\/p>\n<p>Y la administraci\u00f3n de Guillermo Lasso lo renegoci\u00f3 un a\u00f1o despu\u00e9s.<\/p>\n<p>&nbsp;<\/p>\n<p>La Directora Gerente Adjunta y Presidenta Interina del <strong>FMI, Antoinette Sayeh<\/strong> dijo que el cierre del acuerdo es un hito para Ecuador.<\/p>\n<p>\u201cEl programa ha ayudado a mitigar los efectos socioecon\u00f3micos de la pandemia y otros shocks externos, manteniendo la estabilidad<\/p>\n<p>macroecon\u00f3mica\u201d, dijo Sayeh.<\/p>\n<p>Seg\u00fan Sayeh, el Gobierno debe seguir conteniendo el gasto p\u00fablico en salarios y mejorar las pr\u00e1cticas de contrataci\u00f3n.<\/p>\n<p>Lo anterior ayudar\u00e1 a que Ecuador requiera menos endeudamiento, a\u00f1adi\u00f3.<\/p>\n<p><strong>Temas pendientes:<\/strong><\/p>\n<p>Aunque el acuerdo con el organismo multilateral finaliza con este \u00faltimo desembolso, todav\u00eda hay temas pendientes.<\/p>\n<p>La directora interina del FMI mencion\u00f3 que la focalizaci\u00f3n de los subsidios a los combustibles, que todav\u00eda no se ha implementado<\/p>\n<p>generar\u00e1 ahorros significativos.<\/p>\n<p>Otros pendientes son la promulgaci\u00f3n de una ley de conflicto de intereses y las auditor\u00edas financieras de Petroecuador<\/p>\n<p>y del Instituto Ecuatoriano de Seguridad Social <strong>(IESS),<\/strong> a\u00f1adi\u00f3. <strong>(I)<\/strong><\/p>\n<p>&nbsp;<\/p>\n<p>Fuente: evafm.net &#8211; primicias.ec<\/p>\n<p>&nbsp;<\/p>\n<div class=\"gsp_post_data\" \r\n\t            data-post_type=\"post\" \r\n\t            data-cat=\"noticias-ecuador\" \r\n\t            data-modified=\"120\"\r\n\t            data-created=\"1671099058\"\r\n\t            data-title=\"Directorio del FMI aprob\u00f3 el \u00faltimo desembolso para Ecuador\" \r\n\t            data-home=\"https:\/\/www.evafm.net\/sitio\"><\/div>","protected":false},"excerpt":{"rendered":"<p>El directorio ejecutivo del Fondo Monetario Internacional (FMI) aprob\u00f3 el s\u00e9ptimo y \u00faltimo desembolso previsto en el acuerdo de cr\u00e9dito, que el Gobierno de Ecuador firm\u00f3 en septiembre de 2020 y renegoci\u00f3 un a\u00f1o despu\u00e9s con el multilateral. Se trata de un desembolso de USD 700 millones que el Gobierno espera recibir durante la \u00faltima&#8230;<\/p>\n","protected":false},"author":5,"featured_media":71761,"comment_status":"closed","ping_status":"open","sticky":false,"template":"","format":"standard","meta":{"_joinchat":[],"footnotes":""},"categories":[1558],"tags":[],"class_list":["post-71760","post","type-post","status-publish","format-standard","has-post-thumbnail","hentry","category-noticias-ecuador","have-post-thumb"],"_links":{"self":[{"href":"https:\/\/www.evafm.net\/sitio\/wp-json\/wp\/v2\/posts\/71760","targetHints":{"allow":["GET"]}}],"collection":[{"href":"https:\/\/www.evafm.net\/sitio\/wp-json\/wp\/v2\/posts"}],"about":[{"href":"https:\/\/www.evafm.net\/sitio\/wp-json\/wp\/v2\/types\/post"}],"author":[{"embeddable":true,"href":"https:\/\/www.evafm.net\/sitio\/wp-json\/wp\/v2\/users\/5"}],"replies":[{"embeddable":true,"href":"https:\/\/www.evafm.net\/sitio\/wp-json\/wp\/v2\/comments?post=71760"}],"version-history":[{"count":1,"href":"https:\/\/www.evafm.net\/sitio\/wp-json\/wp\/v2\/posts\/71760\/revisions"}],"predecessor-version":[{"id":71762,"href":"https:\/\/www.evafm.net\/sitio\/wp-json\/wp\/v2\/posts\/71760\/revisions\/71762"}],"wp:featuredmedia":[{"embeddable":true,"href":"https:\/\/www.evafm.net\/sitio\/wp-json\/wp\/v2\/media\/71761"}],"wp:attachment":[{"href":"https:\/\/www.evafm.net\/sitio\/wp-json\/wp\/v2\/media?parent=71760"}],"wp:term":[{"taxonomy":"category","embeddable":true,"href":"https:\/\/www.evafm.net\/sitio\/wp-json\/wp\/v2\/categories?post=71760"},{"taxonomy":"post_tag","embeddable":true,"href":"https:\/\/www.evafm.net\/sitio\/wp-json\/wp\/v2\/tags?post=71760"}],"curies":[{"name":"wp","href":"https:\/\/api.w.org\/{rel}","templated":true}]}}