{"id":71763,"date":"2022-12-15T10:20:44","date_gmt":"2022-12-15T15:20:44","guid":{"rendered":"https:\/\/www.evafm.net\/sitio\/?p=71763"},"modified":"2022-12-15T10:20:44","modified_gmt":"2022-12-15T15:20:44","slug":"el-gobierno-de-lula-restablecera-las-relaciones-con-venezuela","status":"publish","type":"post","link":"https:\/\/www.evafm.net\/sitio\/el-gobierno-de-lula-restablecera-las-relaciones-con-venezuela\/","title":{"rendered":"El gobierno de Lula restablecer\u00e1 las relaciones con Venezuela"},"content":{"rendered":"<p class=\"paragraph\">El pr\u00f3ximo canciller de Brasil,\u00a0<b>Mauro Vieira<\/b>, confirm\u00f3 este mi\u00e9rcoles que el presidente electo,\u00a0<b>Luiz In\u00e1cio Lula da Silva<\/b><\/p>\n<p class=\"paragraph\">le ha dado instrucciones para \u201crestablecer\u201d relaciones diplom\u00e1ticas con la dictadura de Venezuela y reforzar lazos con<\/p>\n<p class=\"paragraph\"><strong>\u201csocios tradicionales\u201d como China, Estados Unidos y la Uni\u00f3n Europea (UE).<\/strong><\/p>\n<p>&nbsp;<\/p>\n<p class=\"paragraph\">Entre las indicaciones de Lula con respecto a Venezuela est\u00e1 tambi\u00e9n la de reactivar las labores consulares, por lo que a partir<\/p>\n<p class=\"paragraph\">del 1 de enero, cuando el l\u00edder del Partido de los Trabajadores <strong>(PT)<\/strong> tome posesi\u00f3n del cargo, se enviar\u00e1 un encargado de negocios<\/p>\n<p class=\"paragraph\">para que se encargue de a la reapertura de la <strong>Embajada brasile\u00f1a en Caracas.<\/strong><\/p>\n<div class=\"inline ad-wrapper\">\n<div class=\"dfpAd display_inline_block ad_margin_wrapper\">\n<div id=\"america\/america_latina\/nota\/inline\" class=\"america\/america_latina\/nota\/inline arcad\" data-google-query-id=\"CMS7wsj0-_sCFfCIgwgdAN4Ohg\">\n<div id=\"google_ads_iframe_\/1058609\/america\/america_latina\/nota\/inline_0__container__\"><\/div>\n<\/div>\n<\/div>\n<\/div>\n<p class=\"paragraph\"><b>\u201cEl gobierno que fue electo es el gobierno de Nicol\u00e1s Maduro\u201d<\/b>, manifest\u00f3 el jefe de la diplomacia cuando se le consult\u00f3<\/p>\n<p class=\"paragraph\">acerca del opositor Juan Guaid\u00f3, a quien Jair Bolsonaro consideraba presidente interino de <strong>Venezuela.<\/strong><\/p>\n<p>&nbsp;<\/p>\n<p class=\"paragraph\">El Gobierno de Bolsonaro tambi\u00e9n ha prohibido la entrada al pa\u00eds a altos funcionarios del r\u00e9gimen de Venezuela.<\/p>\n<p class=\"paragraph\">Debido a esa prohibici\u00f3n,\u00a0<b>Maduro todav\u00eda no ha podido ser invitado por canales diplom\u00e1ticos<\/b><\/p>\n<p class=\"paragraph\">aunque el equipo de Lula no descarta que pueda acudir a la investidura, prevista para el 1 de enero.<\/p>\n<p class=\"paragraph\">Vieira tambi\u00e9n cont\u00f3 que Lula le ha dado indicaciones\u00a0<b>para \u201creconstruir puentes\u201d con \u201csocios tradicionales\u201d<\/b><\/p>\n<p class=\"paragraph\"><b> como Estados Unidos, China, o la Uni\u00f3n Europea<\/b><\/p>\n<p class=\"paragraph\">\u00a0con quienes desea tener \u201cuna relaci\u00f3n intensa, productiva, equilibrada y soberana\u201d, as\u00ed como retomar trabajos de cooperaci\u00f3n con \u00c1frica.<\/p>\n<p>&nbsp;<\/p>\n<p class=\"paragraph\">En ese sentido, anunci\u00f3 que el primer viaje de Lula como nuevo jefe de Estado ser\u00e1 el pr\u00f3ximo 24 de enero a Argentina<\/p>\n<p class=\"paragraph\">con motivo de la cumbre de la Comunidad de Estados Latinoamericanos y Caribe\u00f1os<strong> (Celac)<\/strong><\/p>\n<p class=\"paragraph\">donde adem\u00e1s mantendr\u00e1 un encuentro bilateral con su hom\u00f3logo, Alberto Fern\u00e1ndez.<\/p>\n<p class=\"paragraph\">Subray\u00f3, asimismo, que esa cumbre supondr\u00e1 el regreso de Brasil a ese organismo, que el pa\u00eds abandon\u00f3 hace cuatro a\u00f1os por decisi\u00f3n<\/p>\n<p class=\"paragraph\">del gobierno de <strong>Jair Bolsonaro. <\/strong><strong>(I)<\/strong><\/p>\n<p>&nbsp;<\/p>\n<p>Fuente: evafm.net<\/p>\n<div class=\"gsp_post_data\" \r\n\t            data-post_type=\"post\" \r\n\t            data-cat=\"general,noticias-internacionales\" \r\n\t            data-modified=\"120\"\r\n\t            data-created=\"1671099644\"\r\n\t            data-title=\"El gobierno de Lula restablecer\u00e1 las relaciones con Venezuela\" \r\n\t            data-home=\"https:\/\/www.evafm.net\/sitio\"><\/div>","protected":false},"excerpt":{"rendered":"<p>El pr\u00f3ximo canciller de Brasil,\u00a0Mauro Vieira, confirm\u00f3 este mi\u00e9rcoles que el presidente electo,\u00a0Luiz In\u00e1cio Lula da Silva le ha dado instrucciones para \u201crestablecer\u201d relaciones diplom\u00e1ticas con la dictadura de Venezuela y reforzar lazos con \u201csocios tradicionales\u201d como China, Estados Unidos y la Uni\u00f3n Europea (UE). &nbsp; Entre las indicaciones de Lula con respecto a Venezuela&#8230;<\/p>\n","protected":false},"author":5,"featured_media":71764,"comment_status":"closed","ping_status":"open","sticky":false,"template":"","format":"standard","meta":{"_joinchat":[],"footnotes":""},"categories":[1720,1345],"tags":[],"class_list":["post-71763","post","type-post","status-publish","format-standard","has-post-thumbnail","hentry","category-general","category-noticias-internacionales","have-post-thumb"],"_links":{"self":[{"href":"https:\/\/www.evafm.net\/sitio\/wp-json\/wp\/v2\/posts\/71763","targetHints":{"allow":["GET"]}}],"collection":[{"href":"https:\/\/www.evafm.net\/sitio\/wp-json\/wp\/v2\/posts"}],"about":[{"href":"https:\/\/www.evafm.net\/sitio\/wp-json\/wp\/v2\/types\/post"}],"author":[{"embeddable":true,"href":"https:\/\/www.evafm.net\/sitio\/wp-json\/wp\/v2\/users\/5"}],"replies":[{"embeddable":true,"href":"https:\/\/www.evafm.net\/sitio\/wp-json\/wp\/v2\/comments?post=71763"}],"version-history":[{"count":1,"href":"https:\/\/www.evafm.net\/sitio\/wp-json\/wp\/v2\/posts\/71763\/revisions"}],"predecessor-version":[{"id":71765,"href":"https:\/\/www.evafm.net\/sitio\/wp-json\/wp\/v2\/posts\/71763\/revisions\/71765"}],"wp:featuredmedia":[{"embeddable":true,"href":"https:\/\/www.evafm.net\/sitio\/wp-json\/wp\/v2\/media\/71764"}],"wp:attachment":[{"href":"https:\/\/www.evafm.net\/sitio\/wp-json\/wp\/v2\/media?parent=71763"}],"wp:term":[{"taxonomy":"category","embeddable":true,"href":"https:\/\/www.evafm.net\/sitio\/wp-json\/wp\/v2\/categories?post=71763"},{"taxonomy":"post_tag","embeddable":true,"href":"https:\/\/www.evafm.net\/sitio\/wp-json\/wp\/v2\/tags?post=71763"}],"curies":[{"name":"wp","href":"https:\/\/api.w.org\/{rel}","templated":true}]}}