{"id":71772,"date":"2022-12-15T11:38:11","date_gmt":"2022-12-15T16:38:11","guid":{"rendered":"https:\/\/www.evafm.net\/sitio\/?p=71772"},"modified":"2022-12-15T11:38:11","modified_gmt":"2022-12-15T16:38:11","slug":"jefferson-montero-es-nuevo-refuerzo-de-aucas","status":"publish","type":"post","link":"https:\/\/www.evafm.net\/sitio\/jefferson-montero-es-nuevo-refuerzo-de-aucas\/","title":{"rendered":"Jefferson Montero es nuevo refuerzo de Aucas"},"content":{"rendered":"<p><strong>Jefferson Montero<\/strong> ya tiene nuevo club. La <strong>\u2018Turbina\u2019<\/strong> se vincul\u00f3 al campe\u00f3n ecuatoriano 2022 para disputar la<\/p>\n<p><strong> LigaPro y la Copa Libertadores<\/strong> del pr\u00f3ximo a\u00f1o.<\/p>\n<p>El centrocampista ecuatoriano vestir\u00e1 la cuarta camiseta de un club local.<\/p>\n<p>Antes ya jug\u00f3 para<strong> Emelec, Independiente del Valle y 9 de Octubre.<\/strong><\/p>\n<p>\u201cCon tu experiencia creceremos dentro y fuera del campo.<\/p>\n<p>Nuestro proyecto deportivo suma a un gran referente del f\u00fatbol nacional e internacional\u201d, mencion\u00f3 el equipo capitalino<\/p>\n<p>al darle la bienvenida al jugador.<strong>(D)<\/strong><\/p>\n<p>&nbsp;<\/p>\n<blockquote class=\"twitter-tweet\" data-width=\"550\" data-dnt=\"true\">\n<p lang=\"es\" dir=\"ltr\">\u00a1A dominar la banda y el juego! <a href=\"https:\/\/twitter.com\/JeffMONTERO23?ref_src=twsrc%5Etfw\">@JeffMONTERO23<\/a>   es nuevo jugador del campe\u00f3n ecuatoriano \ud83c\udfc6\u2b50\ufe0f\ud83c\uddea\ud83c\udde8. Con tu experiencia creceremos dentro y fuera del campo. Nuestro proyecto deportivo suma a un gran referente del f\u00fatbol nacional e internacional. <\/p>\n<p>\u00a1Bienvenido, Jeff! \ud83d\udfe1\ud83d\udd34 <a href=\"https:\/\/t.co\/3dpP95YeZ4\">pic.twitter.com\/3dpP95YeZ4<\/a><\/p>\n<p>&mdash; S. D. Aucas Oficial (@Aucas45) <a href=\"https:\/\/twitter.com\/Aucas45\/status\/1603098875488772096?ref_src=twsrc%5Etfw\">December 14, 2022<\/a><\/p><\/blockquote>\n<p><script async src=\"https:\/\/platform.twitter.com\/widgets.js\" charset=\"utf-8\"><\/script><\/p>\n<p>Fuente: evafm.net &#8211; twitter.com &#8211; primicias.ec<\/p>\n<div class=\"gsp_post_data\" \r\n\t            data-post_type=\"post\" \r\n\t            data-cat=\"deportes-ecuador,general\" \r\n\t            data-modified=\"120\"\r\n\t            data-created=\"1671104291\"\r\n\t            data-title=\"Jefferson Montero es nuevo refuerzo de Aucas\" \r\n\t            data-home=\"https:\/\/www.evafm.net\/sitio\"><\/div>","protected":false},"excerpt":{"rendered":"<p>Jefferson Montero ya tiene nuevo club. La \u2018Turbina\u2019 se vincul\u00f3 al campe\u00f3n ecuatoriano 2022 para disputar la LigaPro y la Copa Libertadores del pr\u00f3ximo a\u00f1o. El centrocampista ecuatoriano vestir\u00e1 la cuarta camiseta de un club local. Antes ya jug\u00f3 para Emelec, Independiente del Valle y 9 de Octubre. \u201cCon tu experiencia creceremos dentro y fuera&#8230;<\/p>\n","protected":false},"author":5,"featured_media":71773,"comment_status":"closed","ping_status":"open","sticky":false,"template":"","format":"standard","meta":{"_joinchat":[],"footnotes":""},"categories":[1557,1720],"tags":[],"class_list":["post-71772","post","type-post","status-publish","format-standard","has-post-thumbnail","hentry","category-deportes-ecuador","category-general","have-post-thumb"],"_links":{"self":[{"href":"https:\/\/www.evafm.net\/sitio\/wp-json\/wp\/v2\/posts\/71772","targetHints":{"allow":["GET"]}}],"collection":[{"href":"https:\/\/www.evafm.net\/sitio\/wp-json\/wp\/v2\/posts"}],"about":[{"href":"https:\/\/www.evafm.net\/sitio\/wp-json\/wp\/v2\/types\/post"}],"author":[{"embeddable":true,"href":"https:\/\/www.evafm.net\/sitio\/wp-json\/wp\/v2\/users\/5"}],"replies":[{"embeddable":true,"href":"https:\/\/www.evafm.net\/sitio\/wp-json\/wp\/v2\/comments?post=71772"}],"version-history":[{"count":1,"href":"https:\/\/www.evafm.net\/sitio\/wp-json\/wp\/v2\/posts\/71772\/revisions"}],"predecessor-version":[{"id":71774,"href":"https:\/\/www.evafm.net\/sitio\/wp-json\/wp\/v2\/posts\/71772\/revisions\/71774"}],"wp:featuredmedia":[{"embeddable":true,"href":"https:\/\/www.evafm.net\/sitio\/wp-json\/wp\/v2\/media\/71773"}],"wp:attachment":[{"href":"https:\/\/www.evafm.net\/sitio\/wp-json\/wp\/v2\/media?parent=71772"}],"wp:term":[{"taxonomy":"category","embeddable":true,"href":"https:\/\/www.evafm.net\/sitio\/wp-json\/wp\/v2\/categories?post=71772"},{"taxonomy":"post_tag","embeddable":true,"href":"https:\/\/www.evafm.net\/sitio\/wp-json\/wp\/v2\/tags?post=71772"}],"curies":[{"name":"wp","href":"https:\/\/api.w.org\/{rel}","templated":true}]}}