{"id":71775,"date":"2022-12-15T11:45:14","date_gmt":"2022-12-15T16:45:14","guid":{"rendered":"https:\/\/www.evafm.net\/sitio\/?p=71775"},"modified":"2022-12-15T11:45:14","modified_gmt":"2022-12-15T16:45:14","slug":"tamara-salazar-gana-bronce-en-el-mundial-de-levantamiento-de-pesas","status":"publish","type":"post","link":"https:\/\/www.evafm.net\/sitio\/tamara-salazar-gana-bronce-en-el-mundial-de-levantamiento-de-pesas\/","title":{"rendered":"Tamara Salazar gana bronce en el Mundial de Levantamiento de Pesas"},"content":{"rendered":"<p><strong>Tamara Salazar<\/strong> tuvo una gran participaci\u00f3n en el Campeonato y alcanz\u00f3 bronce en envi\u00f3n y total.<\/p>\n<p>Mientras que<strong> Neisi Dajomes<\/strong> no pudo subir al podio.<\/p>\n<p>Ambas compitieron en los 81 kilogramos.<\/p>\n<p>En arranque, Salazar levant\u00f3 110 kilogramos en el primer intento, 114 en el segundo y para el tercero pidi\u00f3 116<\/p>\n<p>y aunque alz\u00f3, los jueces lo calificaron como no v\u00e1lido.<\/p>\n<p>Mientras que en el envi\u00f3n, la pesista nacida en Pastaza levant\u00f3 145 kilogramos en el primer intento, 148 en el segundo<\/p>\n<p>y fall\u00f3 en el tercero <strong>(pidi\u00f3 151 kilogramos).<\/strong><\/p>\n<p><small><\/small><\/p>\n<p>Por su parte, la campeona ol\u00edmpica <strong>Neisi Dajome<\/strong>s finaliz\u00f3 la competencia con<strong> 117 kilogramos<\/strong> en arranque, <strong>141 en envi\u00f3n <\/strong><\/p>\n<p>y 258 en total, algo que no le alcanz\u00f3 para subirse al podio en Colombia.<\/p>\n<p>El Campeonato Mundial de Levantamiento de Pesas es la primera de siete competencias que forman parte del <strong>ciclo ol\u00edmpico<\/strong> rumbo<\/p>\n<p>a <strong>Par\u00eds 2024. <\/strong><\/p>\n<p>Ecuador llev\u00f3 un equipo conformado por 16 deportistas.<\/p>\n<p>La primera medalla de plata la consigui\u00f3 <strong>Angie Palacios,<\/strong> en la categor\u00eda de los <strong>71 kilogramos.(D)<\/strong><\/p>\n<div class=\"css-1dbjc4n r-18u37iz r-kzbkwu\">\n<div class=\"css-1dbjc4n r-eqz5dr r-1777fci r-4amgru r-1kh6xel\">\n<div class=\"css-1dbjc4n r-1ny4l3l\">\n<div class=\"css-1dbjc4n r-1wbh5a2 r-dnmrzs r-1ny4l3l\">\n<div class=\"css-1dbjc4n r-1wbh5a2 r-dnmrzs r-1ny4l3l\">\n<div class=\"css-1dbjc4n r-1awozwy r-18u37iz r-dnmrzs\">\n<div class=\"css-901oao r-1awozwy r-6koalj r-1qd0xha r-a023e6 r-b88u0q r-rjixqe r-bcqeeo r-1udh08x r-3s2u2q r-qvutc0\" dir=\"auto\"><strong><span class=\"css-901oao css-16my406 css-1hf3ou5 r-poiln3 r-bcqeeo r-qvutc0\"><span class=\"css-901oao css-16my406 r-poiln3 r-bcqeeo r-qvutc0\">Ministerio de Deporte<\/span><\/span><\/strong><\/div>\n<div class=\"css-901oao r-xoduu5 r-18u37iz r-1q142lx r-1qd0xha r-a023e6 r-16dba41 r-rjixqe r-bcqeeo r-qvutc0\" dir=\"auto\"><\/div>\n<\/div>\n<div class=\"css-1dbjc4n r-1awozwy r-18u37iz r-1wbh5a2\">\n<div class=\"css-1dbjc4n\">\n<div class=\"css-901oao css-1hf3ou5 r-14j79pv r-18u37iz r-1qd0xha r-a023e6 r-16dba41 r-rjixqe r-bcqeeo r-qvutc0\" dir=\"ltr\"><strong><span class=\"css-901oao css-16my406 r-poiln3 r-bcqeeo r-qvutc0\">@DeporteEc<\/span><\/strong><\/div>\n<\/div>\n<div class=\"css-1dbjc4n r-18u37iz r-1q142lx\">\n<div class=\"css-901oao r-14j79pv r-1q142lx r-1qd0xha r-a023e6 r-16dba41 r-rjixqe r-bcqeeo r-s1qlax r-qvutc0\" dir=\"auto\" aria-hidden=\"true\"><\/div>\n<\/div>\n<\/div>\n<\/div>\n<\/div>\n<\/div>\n<\/div>\n<\/div>\n<div class=\"css-1dbjc4n\">\n<div class=\"css-901oao r-1dqbpge r-1qd0xha r-adyw6z r-16dba41 r-135wba7 r-bcqeeo r-bnwqim r-qvutc0\" dir=\"auto\" lang=\"es\" data-testid=\"tweetText\"><span class=\"css-901oao css-16my406 r-poiln3 r-bcqeeo r-qvutc0\">\u00a1Grande Neisi Dajomes! La campeona ol\u00edmpica finaliza su participaci\u00f3n en el Campeonato Mundial de Levantamiento de Pesas Bogot\u00e1 2022. <\/span><\/div>\n<div class=\"css-901oao r-1dqbpge r-1qd0xha r-adyw6z r-16dba41 r-135wba7 r-bcqeeo r-bnwqim r-qvutc0\" dir=\"auto\" lang=\"es\" data-testid=\"tweetText\"><span class=\"css-901oao css-16my406 r-poiln3 r-bcqeeo r-qvutc0\">Arranque: 117 kg Envi\u00f3n: 141 kg Total Ol\u00edmpico: 258 kg<\/span><\/div>\n<\/div>\n<div dir=\"auto\" lang=\"es\" data-testid=\"tweetText\"><\/div>\n<div dir=\"auto\" lang=\"es\" data-testid=\"tweetText\"><img decoding=\"async\" src=\"https:\/\/pbs.twimg.com\/media\/Fj-YnUzX0AA2KvC?format=jpg&amp;name=small\" alt=\"Imagen\" \/><\/div>\n<div dir=\"auto\" lang=\"es\" data-testid=\"tweetText\"><\/div>\n<div dir=\"auto\" lang=\"es\" data-testid=\"tweetText\">Fuente. evafm.net &#8211; twittee.com &#8211; primicias.ec<\/div>\n<div class=\"gsp_post_data\" \r\n\t            data-post_type=\"post\" \r\n\t            data-cat=\"deportes-internacionales,general\" \r\n\t            data-modified=\"120\"\r\n\t            data-created=\"1671104714\"\r\n\t            data-title=\"Tamara Salazar gana bronce en el Mundial de Levantamiento de Pesas\" \r\n\t            data-home=\"https:\/\/www.evafm.net\/sitio\"><\/div>","protected":false},"excerpt":{"rendered":"<p>Tamara Salazar tuvo una gran participaci\u00f3n en el Campeonato y alcanz\u00f3 bronce en envi\u00f3n y total. Mientras que Neisi Dajomes no pudo subir al podio. Ambas compitieron en los 81 kilogramos. En arranque, Salazar levant\u00f3 110 kilogramos en el primer intento, 114 en el segundo y para el tercero pidi\u00f3 116 y aunque alz\u00f3, los&#8230;<\/p>\n","protected":false},"author":5,"featured_media":71777,"comment_status":"closed","ping_status":"open","sticky":false,"template":"","format":"standard","meta":{"_joinchat":[],"footnotes":""},"categories":[1342,1720],"tags":[],"class_list":["post-71775","post","type-post","status-publish","format-standard","has-post-thumbnail","hentry","category-deportes-internacionales","category-general","have-post-thumb"],"_links":{"self":[{"href":"https:\/\/www.evafm.net\/sitio\/wp-json\/wp\/v2\/posts\/71775","targetHints":{"allow":["GET"]}}],"collection":[{"href":"https:\/\/www.evafm.net\/sitio\/wp-json\/wp\/v2\/posts"}],"about":[{"href":"https:\/\/www.evafm.net\/sitio\/wp-json\/wp\/v2\/types\/post"}],"author":[{"embeddable":true,"href":"https:\/\/www.evafm.net\/sitio\/wp-json\/wp\/v2\/users\/5"}],"replies":[{"embeddable":true,"href":"https:\/\/www.evafm.net\/sitio\/wp-json\/wp\/v2\/comments?post=71775"}],"version-history":[{"count":1,"href":"https:\/\/www.evafm.net\/sitio\/wp-json\/wp\/v2\/posts\/71775\/revisions"}],"predecessor-version":[{"id":71778,"href":"https:\/\/www.evafm.net\/sitio\/wp-json\/wp\/v2\/posts\/71775\/revisions\/71778"}],"wp:featuredmedia":[{"embeddable":true,"href":"https:\/\/www.evafm.net\/sitio\/wp-json\/wp\/v2\/media\/71777"}],"wp:attachment":[{"href":"https:\/\/www.evafm.net\/sitio\/wp-json\/wp\/v2\/media?parent=71775"}],"wp:term":[{"taxonomy":"category","embeddable":true,"href":"https:\/\/www.evafm.net\/sitio\/wp-json\/wp\/v2\/categories?post=71775"},{"taxonomy":"post_tag","embeddable":true,"href":"https:\/\/www.evafm.net\/sitio\/wp-json\/wp\/v2\/tags?post=71775"}],"curies":[{"name":"wp","href":"https:\/\/api.w.org\/{rel}","templated":true}]}}