{"id":71779,"date":"2022-12-15T11:52:12","date_gmt":"2022-12-15T16:52:12","guid":{"rendered":"https:\/\/www.evafm.net\/sitio\/?p=71779"},"modified":"2022-12-15T11:52:12","modified_gmt":"2022-12-15T16:52:12","slug":"miller-bolanos-refuerzo-de-emelec-por-dos-temporadas","status":"publish","type":"post","link":"https:\/\/www.evafm.net\/sitio\/miller-bolanos-refuerzo-de-emelec-por-dos-temporadas\/","title":{"rendered":"Miller Bola\u00f1os refuerzo de Emelec por dos temporadas"},"content":{"rendered":"<p><strong>Miller Bola\u00f1os, de 32 a\u00f1os,<\/strong> llega al \u2018bombillo\u2019 en condici\u00f3n de jugador libre y firm\u00f3 un contrato por dos temporadas.<\/p>\n<p>El jugador cumplir\u00e1 su tercer ciclo en Emelec, despu\u00e9s de jugar en <strong>2013\/2014 y en 2014\/2016. (D)<\/strong><\/p>\n<blockquote class=\"twitter-tweet\" data-width=\"550\" data-dnt=\"true\">\n<p lang=\"es\" dir=\"ltr\">El \u201cKiller\u201d vuelve a casa \u26a1<\/p>\n<p>Miller llega al <a href=\"https:\/\/twitter.com\/hashtag\/Bombillo?src=hash&amp;ref_src=twsrc%5Etfw\">#Bombillo<\/a> en condici\u00f3n de jugador libre y firma con Emelec por 2 temporadas \ud83d\udcaa\ud83c\udffc<\/p>\n<p>\u00a1Bienvenido Miller! \ud83d\udc4f\ud83c\udffc<a href=\"https:\/\/twitter.com\/hashtag\/PorEmelec?src=hash&amp;ref_src=twsrc%5Etfw\">#PorEmelec<\/a> <a href=\"https:\/\/twitter.com\/hashtag\/SiempreJuntos?src=hash&amp;ref_src=twsrc%5Etfw\">#SiempreJuntos<\/a>\ud83e\udd1c\ud83c\udffb\ud83e\udd1b\ud83c\udffb\u26a1 <a href=\"https:\/\/t.co\/BGe7DDqzxJ\">pic.twitter.com\/BGe7DDqzxJ<\/a><\/p>\n<p>&mdash; Club Sport Emelec (@CSEmelec) <a href=\"https:\/\/twitter.com\/CSEmelec\/status\/1602486527925305345?ref_src=twsrc%5Etfw\">December 13, 2022<\/a><\/p><\/blockquote>\n<p><script async src=\"https:\/\/platform.twitter.com\/widgets.js\" charset=\"utf-8\"><\/script><\/p>\n<p>&nbsp;<\/p>\n<p>Fuente: evafm.net &#8211; twitter.com &#8211; primicias.ec<\/p>\n<div class=\"gsp_post_data\" \r\n\t            data-post_type=\"post\" \r\n\t            data-cat=\"deportes-ecuador\" \r\n\t            data-modified=\"120\"\r\n\t            data-created=\"1671105132\"\r\n\t            data-title=\"Miller Bola\u00f1os refuerzo de Emelec por dos temporadas\" \r\n\t            data-home=\"https:\/\/www.evafm.net\/sitio\"><\/div>","protected":false},"excerpt":{"rendered":"<p>Miller Bola\u00f1os, de 32 a\u00f1os, llega al \u2018bombillo\u2019 en condici\u00f3n de jugador libre y firm\u00f3 un contrato por dos temporadas. El jugador cumplir\u00e1 su tercer ciclo en Emelec, despu\u00e9s de jugar en 2013\/2014 y en 2014\/2016. (D) El \u201cKiller\u201d vuelve a casa \u26a1 Miller llega al #Bombillo en condici\u00f3n de jugador libre y firma con&#8230;<\/p>\n","protected":false},"author":5,"featured_media":71780,"comment_status":"closed","ping_status":"open","sticky":false,"template":"","format":"standard","meta":{"_joinchat":[],"footnotes":""},"categories":[1557],"tags":[],"class_list":["post-71779","post","type-post","status-publish","format-standard","has-post-thumbnail","hentry","category-deportes-ecuador","have-post-thumb"],"_links":{"self":[{"href":"https:\/\/www.evafm.net\/sitio\/wp-json\/wp\/v2\/posts\/71779","targetHints":{"allow":["GET"]}}],"collection":[{"href":"https:\/\/www.evafm.net\/sitio\/wp-json\/wp\/v2\/posts"}],"about":[{"href":"https:\/\/www.evafm.net\/sitio\/wp-json\/wp\/v2\/types\/post"}],"author":[{"embeddable":true,"href":"https:\/\/www.evafm.net\/sitio\/wp-json\/wp\/v2\/users\/5"}],"replies":[{"embeddable":true,"href":"https:\/\/www.evafm.net\/sitio\/wp-json\/wp\/v2\/comments?post=71779"}],"version-history":[{"count":1,"href":"https:\/\/www.evafm.net\/sitio\/wp-json\/wp\/v2\/posts\/71779\/revisions"}],"predecessor-version":[{"id":71781,"href":"https:\/\/www.evafm.net\/sitio\/wp-json\/wp\/v2\/posts\/71779\/revisions\/71781"}],"wp:featuredmedia":[{"embeddable":true,"href":"https:\/\/www.evafm.net\/sitio\/wp-json\/wp\/v2\/media\/71780"}],"wp:attachment":[{"href":"https:\/\/www.evafm.net\/sitio\/wp-json\/wp\/v2\/media?parent=71779"}],"wp:term":[{"taxonomy":"category","embeddable":true,"href":"https:\/\/www.evafm.net\/sitio\/wp-json\/wp\/v2\/categories?post=71779"},{"taxonomy":"post_tag","embeddable":true,"href":"https:\/\/www.evafm.net\/sitio\/wp-json\/wp\/v2\/tags?post=71779"}],"curies":[{"name":"wp","href":"https:\/\/api.w.org\/{rel}","templated":true}]}}