{"id":71798,"date":"2022-12-19T14:43:38","date_gmt":"2022-12-19T19:43:38","guid":{"rendered":"https:\/\/www.evafm.net\/sitio\/?p=71798"},"modified":"2022-12-19T14:43:38","modified_gmt":"2022-12-19T19:43:38","slug":"ecuador-tendra-la-inflacion-mas-baja-de-america-latina-en-2023","status":"publish","type":"post","link":"https:\/\/www.evafm.net\/sitio\/ecuador-tendra-la-inflacion-mas-baja-de-america-latina-en-2023\/","title":{"rendered":"Ecuador tendr\u00e1 la inflaci\u00f3n m\u00e1s baja de Am\u00e9rica Latina en 2023"},"content":{"rendered":"<p>Los ecuatorianos sentir\u00e1n un alivio en sus bolsillos en <strong>2023,<\/strong> seg\u00fan un an\u00e1lisis de<strong> Citi Research<\/strong>, parte de la multinacional<\/p>\n<p>de servicios financieros\u00a0<strong>Citigroup. <\/strong><\/p>\n<p>Esto se debe a que la inflaci\u00f3n anual en el pa\u00eds ser\u00e1 de <strong>2% el pr\u00f3ximo a\u00f1o. <\/strong><\/p>\n<p>Por lo tanto, la tasa de inflaci\u00f3n se reducir\u00e1 a la mitad frente a 2022, cuando lleg\u00f3 a <strong>4%.<\/strong><\/p>\n<p>Es decir, Ecuador se convertir\u00eda en el pa\u00eds con la menor inflaci\u00f3n de Latinoam\u00e9rica el pr\u00f3ximo a\u00f1o.<\/p>\n<p>El indicador ser\u00e1 mejor que el de <strong>Bolivia y Panam\u00e1,<\/strong> cuyas tasas de inflaci\u00f3n llegar\u00edan a<strong> 3,5% y 2,4%,<\/strong> respectivamente.<\/p>\n<p>Mientras que Argentina tendr\u00eda el mayor alza de precios con <strong>110%.<\/strong><\/p>\n<p><strong>Inflaci\u00f3n mundial:<\/strong><\/p>\n<p>Seg\u00fan los expertos alcanzar\u00e1 el 5,9% en 2023, tras registrar una tasa de 7,2% en 2022, explica Ernesto Revilla<\/p>\n<p>jefe de Econom\u00eda de Am\u00e9rica Latina en Citi Research.<\/p>\n<p>El incremento de los precios en el mundo ocurre debido a una mayor recuperaci\u00f3n de la demanda por la entrega de est\u00edmulos monetarios<\/p>\n<p>al inicio de la pandemia de <strong>Covid-19. <\/strong><\/p>\n<p>Y se ha ahondado por la interrupci\u00f3n de la cadena de suministro debido a la crisis log\u00edstica y a la invasi\u00f3n de <strong>Rusia a Ucrania.\u00a0<\/strong><\/p>\n<p>Pese a los choques externos como la invasi\u00f3n rusa a Ucrania, el incremento de los precios se mantiene moderado en<\/p>\n<p><strong> Ecuador, Panam\u00e1 y Bolivia debido a dos factores.<\/strong><\/p>\n<p>&nbsp;<\/p>\n<p><strong>Tipo de moneda:<\/strong><\/p>\n<p>Ecuador y Panam\u00e1 usan el d\u00f3lar, que se ha revaluado frente a las monedas de Latinoam\u00e9rica y del mundo, como el euro.<\/p>\n<p>El fen\u00f3meno responde al incremento de las tasas de inter\u00e9s en <strong>Estados Unidos hasta 4,50%. <\/strong><\/p>\n<p>El fortalecimiento del d\u00f3lar permite a esos dos pa\u00edses importar m\u00e1s, desde econom\u00edas con monedas devaluadas, con la misma<\/p>\n<p>cantidad de dinero.<\/p>\n<p>En el caso de Bolivia, la inflaci\u00f3n se ha moderado porque el pa\u00eds ha logrado robustecer su moneda y la confianza en ella.<\/p>\n<p>Eso tras obtener m\u00e1s ingresos por la nacionalizaci\u00f3n de los hidrocarburos y por una mayor producci\u00f3n agropecuaria<\/p>\n<p>especialmente, de tomate y cebolla.<\/p>\n<p><strong>Subsidio a los combustibles:<\/strong><\/p>\n<p>La inflaci\u00f3n de Ecuador y Bolivia tambi\u00e9n se ha mantenido moderada por el congelamiento de los precios de los combustibles<\/p>\n<p>a trav\u00e9s de subsidios, a excepci\u00f3n de la gasolina de alto octanaje o S\u00faper.<\/p>\n<p>Con precios fijos de los combustibles, los precios de los alimentos locales tampoco se incrementan.<\/p>\n<p>Aunque, los subsidios significan mayor gasto fiscal.<\/p>\n<p>En Ecuador, los precios de las gasolinas de bajo octanaje, <strong>Extra y Ecopa\u00eds, se fijaron en USD 2,40 por gal\u00f3n en junio de 2022. <\/strong><\/p>\n<p>Lo mismo ocurre con el di\u00e9sel, cuyo precio est\u00e1 congelado en <strong>USD 1,75 por gal\u00f3n. (I)<\/strong><\/p>\n<p>&nbsp;<\/p>\n<p>Fuente: evafm.net &#8211; primicias.ec<\/p>\n<div class=\"gsp_post_data\" \r\n\t            data-post_type=\"post\" \r\n\t            data-cat=\"noticias-ecuador\" \r\n\t            data-modified=\"120\"\r\n\t            data-created=\"1671461018\"\r\n\t            data-title=\"Ecuador tendr\u00e1 la inflaci\u00f3n m\u00e1s baja de Am\u00e9rica Latina en 2023\" \r\n\t            data-home=\"https:\/\/www.evafm.net\/sitio\"><\/div>","protected":false},"excerpt":{"rendered":"<p>Los ecuatorianos sentir\u00e1n un alivio en sus bolsillos en 2023, seg\u00fan un an\u00e1lisis de Citi Research, parte de la multinacional de servicios financieros\u00a0Citigroup. Esto se debe a que la inflaci\u00f3n anual en el pa\u00eds ser\u00e1 de 2% el pr\u00f3ximo a\u00f1o. Por lo tanto, la tasa de inflaci\u00f3n se reducir\u00e1 a la mitad frente a 2022,&#8230;<\/p>\n","protected":false},"author":5,"featured_media":71799,"comment_status":"closed","ping_status":"open","sticky":false,"template":"","format":"standard","meta":{"_joinchat":[],"footnotes":""},"categories":[1558],"tags":[],"class_list":["post-71798","post","type-post","status-publish","format-standard","has-post-thumbnail","hentry","category-noticias-ecuador","have-post-thumb"],"_links":{"self":[{"href":"https:\/\/www.evafm.net\/sitio\/wp-json\/wp\/v2\/posts\/71798","targetHints":{"allow":["GET"]}}],"collection":[{"href":"https:\/\/www.evafm.net\/sitio\/wp-json\/wp\/v2\/posts"}],"about":[{"href":"https:\/\/www.evafm.net\/sitio\/wp-json\/wp\/v2\/types\/post"}],"author":[{"embeddable":true,"href":"https:\/\/www.evafm.net\/sitio\/wp-json\/wp\/v2\/users\/5"}],"replies":[{"embeddable":true,"href":"https:\/\/www.evafm.net\/sitio\/wp-json\/wp\/v2\/comments?post=71798"}],"version-history":[{"count":1,"href":"https:\/\/www.evafm.net\/sitio\/wp-json\/wp\/v2\/posts\/71798\/revisions"}],"predecessor-version":[{"id":71800,"href":"https:\/\/www.evafm.net\/sitio\/wp-json\/wp\/v2\/posts\/71798\/revisions\/71800"}],"wp:featuredmedia":[{"embeddable":true,"href":"https:\/\/www.evafm.net\/sitio\/wp-json\/wp\/v2\/media\/71799"}],"wp:attachment":[{"href":"https:\/\/www.evafm.net\/sitio\/wp-json\/wp\/v2\/media?parent=71798"}],"wp:term":[{"taxonomy":"category","embeddable":true,"href":"https:\/\/www.evafm.net\/sitio\/wp-json\/wp\/v2\/categories?post=71798"},{"taxonomy":"post_tag","embeddable":true,"href":"https:\/\/www.evafm.net\/sitio\/wp-json\/wp\/v2\/tags?post=71798"}],"curies":[{"name":"wp","href":"https:\/\/api.w.org\/{rel}","templated":true}]}}