{"id":71801,"date":"2022-12-19T14:57:48","date_gmt":"2022-12-19T19:57:48","guid":{"rendered":"https:\/\/www.evafm.net\/sitio\/?p=71801"},"modified":"2022-12-19T14:59:52","modified_gmt":"2022-12-19T19:59:52","slug":"lula-da-silva-y-la-economia-en-brasil","status":"publish","type":"post","link":"https:\/\/www.evafm.net\/sitio\/lula-da-silva-y-la-economia-en-brasil\/","title":{"rendered":"Lula da Silva y la ec\u00f3nomia en Brasil"},"content":{"rendered":"<p class=\"paragraph\">Ser\u00e1 una semana decisiva para el futuro de la\u00a0<b>econom\u00eda brasile\u00f1a<\/b>.<\/p>\n<p class=\"paragraph\">Tras la aprobaci\u00f3n en el Senado el pasado 7 de diciembre, la\u00a0<b>C\u00e1mara de Diputados<\/b>\u00a0deber\u00eda votar entre ma\u00f1ana<\/p>\n<p class=\"paragraph\">y el mi\u00e9rcoles una\u00a0<b>Propuesta de Enmienda Constitucional<\/b>\u00a0(PEC) para cumplir algunas de las promesas electorales<\/p>\n<p class=\"paragraph\">del Presidente electo\u00a0<b>Luiz In\u00e1cio Lula Da Silva<\/b>.<\/p>\n<p>&nbsp;<\/p>\n<p class=\"paragraph\">El valor total de la PEC prev\u00e9 una<b>\u00a0ampliaci\u00f3n del techo de gastos<\/b>\u00a0de 1<strong>68,9 mil millones de reales<\/strong> por a\u00f1o para<\/p>\n<p class=\"paragraph\">2023 y 2024, es decir autorizar gastos extraordinarios por cerca de\u00a0<b>32 mil millones de d\u00f3lares<\/b>, con un impacto fiscal<\/p>\n<p class=\"paragraph\">estimado de <strong>204 mil millones de reales, 38 mil millones de d\u00f3lares al cambio actual<\/strong><\/p>\n<p class=\"paragraph\">cifra que corresponde aproximadamente al <b>2% del Producto Interno Bruto (PIB) brasile\u00f1o<\/b>.<\/p>\n<p class=\"paragraph\">Aparte de los gastos de emergencia durante la pandemia, se trata del mayor aumento del gasto p\u00fablico en un solo a\u00f1o.<\/p>\n<div class=\"inline ad-wrapper\">\n<div class=\"dfpAd display_inline_block ad_margin_wrapper\">\n<div id=\"america\/america_latina\/nota\/inline\" class=\"america\/america_latina\/nota\/inline arcad\" data-google-query-id=\"CNC5kPe4hvwCFb6Hgwgdh5ECIA\">\n<div id=\"google_ads_iframe_\/1058609\/america\/america_latina\/nota\/inline_0__container__\"><\/div>\n<\/div>\n<\/div>\n<\/div>\n<p class=\"paragraph\">A pesar del mantra repetido por Lula en la campa\u00f1a electoral y en declaraciones de los \u00faltimos d\u00edas de querer<\/p>\n<p class=\"paragraph\">\u201cincluir a los pobres en el presupuesto y a los ricos en la declaraci\u00f3n de la renta\u201d<\/p>\n<p class=\"paragraph\">el<b>\u00a0mercado financiero ha reaccionado mal\u00a0<\/b>a esta <strong>PEC,<\/strong> que muchos esperan sea reducida en la votaci\u00f3n a la C\u00e1mara.<\/p>\n<p>&nbsp;<\/p>\n<p class=\"paragraph\">Seg\u00fan la plataforma de inversi\u00f3n TradeMap, la bolsa brasile\u00f1a ha perdido 577.000 millones de reales, unos 110.000 millones de d\u00f3lares<\/p>\n<p class=\"paragraph\">desde el 21 de octubre.<\/p>\n<p class=\"paragraph\">Para los expertos, la necesidad de garantizar a los pobres un <b>Auxilio Brasil<\/b>, que volver\u00e1 a su antiguo nombre de la era petista<\/p>\n<p>&nbsp;<\/p>\n<p class=\"paragraph\"><b>Bolsa Familia<\/b>, por un valor de 600 reales (113 d\u00f3lares) con el a\u00f1adido de 150 reales (28 d\u00f3lares) por cada ni\u00f1o menor de seis a\u00f1os<\/p>\n<p class=\"paragraph\">no justifica la gigantesca suma que el nuevo gobierno pretende gastar.<\/p>\n<p class=\"paragraph\">El riesgo es que <b>aumente la inflaci\u00f3n<\/b>, se\u00a0<b>fortalezca el d\u00f3lar<\/b>\u00a0y suban los intereses del Banco Central, lo que frenar\u00eda el crecimiento<\/p>\n<p class=\"paragraph\">del pa\u00eds y el poder adquisitivo de los asalariados.<\/p>\n<p class=\"paragraph\">Y que los primeros en pagar el precio ser\u00e1n los propios pobres a los que esta medida pretende ayudar.<\/p>\n<p class=\"paragraph\">\u201cHasta ahora, la formulaci\u00f3n de la<b>\u00a0pol\u00edtica econ\u00f3mica<\/b>\u00a0del nuevo gobierno se parece m\u00e1s al gobierno de\u00a0<b>Dilma Rousseff\u00a0<\/b><\/p>\n<p class=\"paragraph\">que al primer mandato de Lula\u201d, explic\u00f3 a\u00a0<b>Infobae\u00a0<\/b>el economista y consultor<b>\u00a0Alexandre Schwartsman<\/b>. <strong>(I)<\/strong><\/p>\n<p>&nbsp;<\/p>\n<p>Fuente: evafm.net<\/p>\n<div class=\"gsp_post_data\" \r\n\t            data-post_type=\"post\" \r\n\t            data-cat=\"general,noticias-internacionales\" \r\n\t            data-modified=\"120\"\r\n\t            data-created=\"1671461868\"\r\n\t            data-title=\"Lula da Silva y la ec\u00f3nomia en Brasil\" \r\n\t            data-home=\"https:\/\/www.evafm.net\/sitio\"><\/div>","protected":false},"excerpt":{"rendered":"<p>Ser\u00e1 una semana decisiva para el futuro de la\u00a0econom\u00eda brasile\u00f1a. Tras la aprobaci\u00f3n en el Senado el pasado 7 de diciembre, la\u00a0C\u00e1mara de Diputados\u00a0deber\u00eda votar entre ma\u00f1ana y el mi\u00e9rcoles una\u00a0Propuesta de Enmienda Constitucional\u00a0(PEC) para cumplir algunas de las promesas electorales del Presidente electo\u00a0Luiz In\u00e1cio Lula Da Silva. &nbsp; El valor total de la PEC&#8230;<\/p>\n","protected":false},"author":5,"featured_media":71802,"comment_status":"closed","ping_status":"open","sticky":false,"template":"","format":"standard","meta":{"_joinchat":[],"footnotes":""},"categories":[1720,1345],"tags":[],"class_list":["post-71801","post","type-post","status-publish","format-standard","has-post-thumbnail","hentry","category-general","category-noticias-internacionales","have-post-thumb"],"_links":{"self":[{"href":"https:\/\/www.evafm.net\/sitio\/wp-json\/wp\/v2\/posts\/71801","targetHints":{"allow":["GET"]}}],"collection":[{"href":"https:\/\/www.evafm.net\/sitio\/wp-json\/wp\/v2\/posts"}],"about":[{"href":"https:\/\/www.evafm.net\/sitio\/wp-json\/wp\/v2\/types\/post"}],"author":[{"embeddable":true,"href":"https:\/\/www.evafm.net\/sitio\/wp-json\/wp\/v2\/users\/5"}],"replies":[{"embeddable":true,"href":"https:\/\/www.evafm.net\/sitio\/wp-json\/wp\/v2\/comments?post=71801"}],"version-history":[{"count":1,"href":"https:\/\/www.evafm.net\/sitio\/wp-json\/wp\/v2\/posts\/71801\/revisions"}],"predecessor-version":[{"id":71803,"href":"https:\/\/www.evafm.net\/sitio\/wp-json\/wp\/v2\/posts\/71801\/revisions\/71803"}],"wp:featuredmedia":[{"embeddable":true,"href":"https:\/\/www.evafm.net\/sitio\/wp-json\/wp\/v2\/media\/71802"}],"wp:attachment":[{"href":"https:\/\/www.evafm.net\/sitio\/wp-json\/wp\/v2\/media?parent=71801"}],"wp:term":[{"taxonomy":"category","embeddable":true,"href":"https:\/\/www.evafm.net\/sitio\/wp-json\/wp\/v2\/categories?post=71801"},{"taxonomy":"post_tag","embeddable":true,"href":"https:\/\/www.evafm.net\/sitio\/wp-json\/wp\/v2\/tags?post=71801"}],"curies":[{"name":"wp","href":"https:\/\/api.w.org\/{rel}","templated":true}]}}