{"id":71804,"date":"2022-12-19T15:10:28","date_gmt":"2022-12-19T20:10:28","guid":{"rendered":"https:\/\/www.evafm.net\/sitio\/?p=71804"},"modified":"2022-12-19T15:10:28","modified_gmt":"2022-12-19T20:10:28","slug":"union-europea-puso-un-limite-al-precio-del-gas","status":"publish","type":"post","link":"https:\/\/www.evafm.net\/sitio\/union-europea-puso-un-limite-al-precio-del-gas\/","title":{"rendered":"Uni\u00f3n Europea puso un l\u00edmite al precio del gas"},"content":{"rendered":"<p class=\"paragraph\">Los pa\u00edses europeos han llegado a un acuerdo para limitar los precios del gas natural a<b>\u00a0\u20ac180<\/b>, poniendo fin a meses de disputas pol\u00edticas<\/p>\n<p class=\"paragraph\">sobre la conveniencia de intervenir en una crisis energ\u00e9tica que corre el riesgo de sumir a la regi\u00f3n en una recesi\u00f3n.<\/p>\n<p class=\"paragraph\">El llamado\u00a0<b>mecanismo de correcci\u00f3n del mercado del gas<\/b>, una medida temporal destinada a evitar oscilaciones extremas<\/p>\n<p class=\"paragraph\">de los precios, se aplicar\u00e1 durante un a\u00f1o a partir del 15 de febrero, seg\u00fan personas familiarizadas con el asunto.<\/p>\n<p class=\"paragraph\">Se trata de una medida muy inferior a la propuesta anterior de la Comisi\u00f3n Europea, que no habr\u00eda evitado las alzas que se produjeron<\/p>\n<p class=\"paragraph\">en la regi\u00f3n a principios de a\u00f1o, cuando Rusia redujo el suministro de gas a ra\u00edz de la guerra de Ucrania.<\/p>\n<p>&nbsp;<\/p>\n<p class=\"paragraph\">El nuevo l\u00edmite solo entrar\u00e1 en vigor si la diferencia de precio con los precios mundiales del gas natural licuado es superior a \u20ac35<\/p>\n<p class=\"paragraph\">por megavatio-hora.<b>\u00a0<\/b><\/p>\n<p class=\"paragraph\"><b>Los precios tendr\u00edan que permanecer por encima de ambos l\u00edmites durante tres d\u00edas para activar el mecanismo.<\/b><\/p>\n<p>&nbsp;<\/p>\n<p class=\"paragraph\">\u201cHemos negociado un l\u00edmite los precios del gas y hemos logrado alcanzar un acuerdo muy importante para garantizar energ\u00edas asequibles<\/p>\n<p class=\"paragraph\">para los hogares y las empresas europeas\u201d, dijo en Twitter el primer ministro de la Rep\u00fablica Checa,\u00a0<b>Petr Fiala.<\/b><\/p>\n<p>&nbsp;<\/p>\n<p class=\"paragraph\">Las autoridades buscaban un acuerdo antes de que la llegada de las inclemencias invernales dispare la demanda de gas para<\/p>\n<p class=\"paragraph\">calefacci\u00f3n y electricidad.<\/p>\n<p class=\"paragraph\">El aumento de los costos energ\u00e9ticos ha contribuido a una\u00a0<b>inflaci\u00f3n de dos d\u00edgitos en toda la regi\u00f3n.\u00a0<\/b><\/p>\n<p class=\"paragraph\">Con la ola de fr\u00edo que ha azotado Europa este mes, los gobiernos se han visto cada vez m\u00e1s presionados por los votantes para que act\u00faen<\/p>\n<p class=\"paragraph\">o se arriesguen a una reacci\u00f3n violenta.<\/p>\n<p>&nbsp;<\/p>\n<p>Alemania apoy\u00f3 el acuerdo final, mientras que Austria y los Pa\u00edses Bajos se abstuvieron, seg\u00fan las personas.<\/p>\n<p>Hungr\u00eda vot\u00f3 en contra del acuerdo.<\/p>\n<p>&nbsp;<\/p>\n<p><strong>La reacci\u00f3n de Rusia:<\/strong><\/p>\n<p class=\"paragraph\">El tope de precio al gas atenta contra los mecanismos de formaci\u00f3n de precios del mercado, declar\u00f3 hoy el portavoz del Kremlin<\/p>\n<p class=\"paragraph\"><b>Dmitri Peskov<\/b>, al se\u00f1alar que Mosc\u00fa responder\u00e1 a la decisi\u00f3n de la Uni\u00f3n Europea <strong>(UE)<\/strong><\/p>\n<p class=\"paragraph\">de establecer un tope al precio de las importaciones de gas.<\/p>\n<p>&nbsp;<\/p>\n<p class=\"paragraph\">\u201cEs una violaci\u00f3n de los procesos de formaci\u00f3n de precios del mercado, un atentado contra los procesos del mercado<\/p>\n<p class=\"paragraph\"><b>cualquier referencia a este tope es inaceptable<\/b>\u201d, afirm\u00f3 a los medios rusos, seg\u00fan la agencia rusa Interfax.<\/p>\n<p class=\"paragraph\">El representante de la Presidencia rusa adelant\u00f3 que Mosc\u00fa responder\u00e1 a esta medida, pero adelant\u00f3 que se requiere tiempo para<\/p>\n<p class=\"paragraph\">\u201cvalorar minuciosamente todos los pros y los contras\u201d de las respuestas.<\/p>\n<p class=\"paragraph\">\u201cUstedes saben que la respuesta al tope de precios del petroleo se ha demorado un poco.<\/p>\n<p class=\"paragraph\">Pero la publicaremos y lo mismo suceder\u00e1 con el gas. Llevar\u00e1 alg\u00fan tiempo\u201d, dijo. <strong>(I)<\/strong><\/p>\n<p>&nbsp;<\/p>\n<p>Fuente: evafm.net<\/p>\n<div class=\"gsp_post_data\" \r\n\t            data-post_type=\"post\" \r\n\t            data-cat=\"noticias-internacionales\" \r\n\t            data-modified=\"120\"\r\n\t            data-created=\"1671462628\"\r\n\t            data-title=\"Uni\u00f3n Europea puso un l\u00edmite al precio del gas\" \r\n\t            data-home=\"https:\/\/www.evafm.net\/sitio\"><\/div>","protected":false},"excerpt":{"rendered":"<p>Los pa\u00edses europeos han llegado a un acuerdo para limitar los precios del gas natural a\u00a0\u20ac180, poniendo fin a meses de disputas pol\u00edticas sobre la conveniencia de intervenir en una crisis energ\u00e9tica que corre el riesgo de sumir a la regi\u00f3n en una recesi\u00f3n. El llamado\u00a0mecanismo de correcci\u00f3n del mercado del gas, una medida temporal&#8230;<\/p>\n","protected":false},"author":5,"featured_media":71805,"comment_status":"closed","ping_status":"open","sticky":false,"template":"","format":"standard","meta":{"_joinchat":[],"footnotes":""},"categories":[1345],"tags":[],"class_list":["post-71804","post","type-post","status-publish","format-standard","has-post-thumbnail","hentry","category-noticias-internacionales","have-post-thumb"],"_links":{"self":[{"href":"https:\/\/www.evafm.net\/sitio\/wp-json\/wp\/v2\/posts\/71804","targetHints":{"allow":["GET"]}}],"collection":[{"href":"https:\/\/www.evafm.net\/sitio\/wp-json\/wp\/v2\/posts"}],"about":[{"href":"https:\/\/www.evafm.net\/sitio\/wp-json\/wp\/v2\/types\/post"}],"author":[{"embeddable":true,"href":"https:\/\/www.evafm.net\/sitio\/wp-json\/wp\/v2\/users\/5"}],"replies":[{"embeddable":true,"href":"https:\/\/www.evafm.net\/sitio\/wp-json\/wp\/v2\/comments?post=71804"}],"version-history":[{"count":1,"href":"https:\/\/www.evafm.net\/sitio\/wp-json\/wp\/v2\/posts\/71804\/revisions"}],"predecessor-version":[{"id":71806,"href":"https:\/\/www.evafm.net\/sitio\/wp-json\/wp\/v2\/posts\/71804\/revisions\/71806"}],"wp:featuredmedia":[{"embeddable":true,"href":"https:\/\/www.evafm.net\/sitio\/wp-json\/wp\/v2\/media\/71805"}],"wp:attachment":[{"href":"https:\/\/www.evafm.net\/sitio\/wp-json\/wp\/v2\/media?parent=71804"}],"wp:term":[{"taxonomy":"category","embeddable":true,"href":"https:\/\/www.evafm.net\/sitio\/wp-json\/wp\/v2\/categories?post=71804"},{"taxonomy":"post_tag","embeddable":true,"href":"https:\/\/www.evafm.net\/sitio\/wp-json\/wp\/v2\/tags?post=71804"}],"curies":[{"name":"wp","href":"https:\/\/api.w.org\/{rel}","templated":true}]}}