{"id":71807,"date":"2022-12-19T15:23:40","date_gmt":"2022-12-19T20:23:40","guid":{"rendered":"https:\/\/www.evafm.net\/sitio\/?p=71807"},"modified":"2022-12-19T15:23:40","modified_gmt":"2022-12-19T20:23:40","slug":"los-anos-80-una-decada-llena-de-triunfos-de-barcelona","status":"publish","type":"post","link":"https:\/\/www.evafm.net\/sitio\/los-anos-80-una-decada-llena-de-triunfos-de-barcelona\/","title":{"rendered":"Los a\u00f1os 80, una d\u00e9cada llena de triunfos de Barcelona"},"content":{"rendered":"<p>De los 16 t\u00edtulos que ha conseguido Barcelona en su historial deportivo, destaca la d\u00e9cada de los <strong>a\u00f1os 80,<\/strong> cuando alcanz\u00f3 cinco trofeos.<\/p>\n<p>En<strong> 1980 y 1981<\/strong> consolid\u00f3 el segundo bicampeonato, un m\u00e9rito que lo compart\u00eda con <strong>El Nacional y Liga de Quito. <\/strong><\/p>\n<p>Levant\u00f3 la copa de campe\u00f3n tambi\u00e9n en <strong>1985, 1987 y 1989. <\/strong><\/p>\n<p>Esa hegemon\u00eda nacional le permiti\u00f3 dar un salto de calidad con la primera clasificaci\u00f3n a las finales de la <strong>Copa Libertadores en 1990. <\/strong><\/p>\n<p>&nbsp;<\/p>\n<p>Barcelona hab\u00eda sido campe\u00f3n nacional en <strong>1970 y 1971,<\/strong> pero sus campa\u00f1as tuvieron poca trascendencia.<\/p>\n<p>Lleg\u00f3 la d\u00e9cada de los a\u00f1os 80, la m\u00e1s brillante y fruct\u00edfera.<\/p>\n<p>Para recuperar el t\u00edtulo nacional,<strong> Barcelona contrat\u00f3 al brasile\u00f1o Otto Vieira.<\/strong><\/p>\n<p>&nbsp;<\/p>\n<p>El campeonato nacional de <strong>1980 se jug\u00f3 el 14 de enero de 1981<\/strong> en el partido final que se defini\u00f3 en el<\/p>\n<p><strong>estadio Nueve de Mayo en Machala. <\/strong><\/p>\n<p>Ese d\u00eda, Barcelona derrot\u00f3 3-0 a T\u00e9cnico Universitario.<\/p>\n<p>El primer tanto de esa goleada forma parte de la colecci\u00f3n de anotaciones importantes en el \u2018\u00eddolo\u2019.<\/p>\n<p>Se trata del tanto de chilena del <strong>goleador V\u00edctor Ephanor. <\/strong><\/p>\n<p>El delantero brasile\u00f1o, con esa anotaci\u00f3n, complet\u00f3 20 goles en la temporada y fue el m\u00e1ximo goleador del conjunto \u2018torero\u2019.<\/p>\n<p>&nbsp;<\/p>\n<p>Ese d\u00eda jugaron el arquero brasile\u00f1o Manga; Perlaza, Paes, Bardales, Nazareno; Andrade, Escurinho (Jos\u00e9 Tenorio), Ephanor;<\/p>\n<p>Mario Tenorio, Ney, Nieves <strong>(Madru\u00f1ero). <\/strong><\/p>\n<p>La celebraci\u00f3n amarilla de enero se repiti\u00f3 a finales de la nueva temporada.<\/p>\n<p>El 10 de diciembre de 1981, en el estadio Modelo de Guayaquil, Barcelona derrot\u00f3 a El Nacional 1-0, con otro tanto del brasile\u00f1o.<\/p>\n<p>Esta vez, el gol lo convirti\u00f3 Epnahor desde el punto penal, tras una falta que le cometi\u00f3 Hans Maldonado a Carlos Torres Garc\u00e9s.<\/p>\n<p>Ese plantel que consigui\u00f3 el t\u00edtulo en 1989 fue la base del que logr\u00f3 la clasificaci\u00f3n a la final de la Copa Libertadores en 1990.<\/p>\n<p>Ya hab\u00eda llegado al pa\u00eds el entrenador argentino Miguel \u00c1ngel Brindisi, y con \u00e9l, jugadores como el argentino Ruben Dar\u00edo Ins\u00faa<\/p>\n<p>que m\u00e1s tarde fue su entrenador. <strong>(D)<\/strong><\/p>\n<p><small><\/small><\/p>\n<p><iframe title=\"Barcelona Campeon 1980 - Gol de Epanhor\" width=\"1200\" height=\"900\" src=\"https:\/\/www.youtube.com\/embed\/reNbu6zFKmA?feature=oembed\" frameborder=\"0\" allow=\"accelerometer; autoplay; clipboard-write; encrypted-media; gyroscope; picture-in-picture; web-share\" referrerpolicy=\"strict-origin-when-cross-origin\" allowfullscreen><\/iframe><\/p>\n<p>&nbsp;<\/p>\n<p>Fuente: evafm.net<\/p>\n<div class=\"gsp_post_data\" \r\n\t            data-post_type=\"post\" \r\n\t            data-cat=\"deportes-ecuador,general\" \r\n\t            data-modified=\"120\"\r\n\t            data-created=\"1671463420\"\r\n\t            data-title=\"Los a\u00f1os 80, una d\u00e9cada llena de triunfos de Barcelona\" \r\n\t            data-home=\"https:\/\/www.evafm.net\/sitio\"><\/div>","protected":false},"excerpt":{"rendered":"<p>De los 16 t\u00edtulos que ha conseguido Barcelona en su historial deportivo, destaca la d\u00e9cada de los a\u00f1os 80, cuando alcanz\u00f3 cinco trofeos. En 1980 y 1981 consolid\u00f3 el segundo bicampeonato, un m\u00e9rito que lo compart\u00eda con El Nacional y Liga de Quito. Levant\u00f3 la copa de campe\u00f3n tambi\u00e9n en 1985, 1987 y 1989. Esa&#8230;<\/p>\n","protected":false},"author":5,"featured_media":71808,"comment_status":"closed","ping_status":"open","sticky":false,"template":"","format":"video","meta":{"_joinchat":[],"footnotes":""},"categories":[1557,1720],"tags":[],"class_list":["post-71807","post","type-post","status-publish","format-video","has-post-thumbnail","hentry","category-deportes-ecuador","category-general","post_format-post-format-video","have-post-thumb"],"_links":{"self":[{"href":"https:\/\/www.evafm.net\/sitio\/wp-json\/wp\/v2\/posts\/71807","targetHints":{"allow":["GET"]}}],"collection":[{"href":"https:\/\/www.evafm.net\/sitio\/wp-json\/wp\/v2\/posts"}],"about":[{"href":"https:\/\/www.evafm.net\/sitio\/wp-json\/wp\/v2\/types\/post"}],"author":[{"embeddable":true,"href":"https:\/\/www.evafm.net\/sitio\/wp-json\/wp\/v2\/users\/5"}],"replies":[{"embeddable":true,"href":"https:\/\/www.evafm.net\/sitio\/wp-json\/wp\/v2\/comments?post=71807"}],"version-history":[{"count":1,"href":"https:\/\/www.evafm.net\/sitio\/wp-json\/wp\/v2\/posts\/71807\/revisions"}],"predecessor-version":[{"id":71809,"href":"https:\/\/www.evafm.net\/sitio\/wp-json\/wp\/v2\/posts\/71807\/revisions\/71809"}],"wp:featuredmedia":[{"embeddable":true,"href":"https:\/\/www.evafm.net\/sitio\/wp-json\/wp\/v2\/media\/71808"}],"wp:attachment":[{"href":"https:\/\/www.evafm.net\/sitio\/wp-json\/wp\/v2\/media?parent=71807"}],"wp:term":[{"taxonomy":"category","embeddable":true,"href":"https:\/\/www.evafm.net\/sitio\/wp-json\/wp\/v2\/categories?post=71807"},{"taxonomy":"post_tag","embeddable":true,"href":"https:\/\/www.evafm.net\/sitio\/wp-json\/wp\/v2\/tags?post=71807"}],"curies":[{"name":"wp","href":"https:\/\/api.w.org\/{rel}","templated":true}]}}