{"id":72254,"date":"2023-01-24T21:17:18","date_gmt":"2023-01-25T02:17:18","guid":{"rendered":"https:\/\/www.evafm.net\/sitio\/?p=72254"},"modified":"2023-01-24T21:17:18","modified_gmt":"2023-01-25T02:17:18","slug":"gerentes-de-flopec-y-cnel-dejaran-sus-cargos","status":"publish","type":"post","link":"https:\/\/www.evafm.net\/sitio\/gerentes-de-flopec-y-cnel-dejaran-sus-cargos\/","title":{"rendered":"Gerentes de Flopec y CNEL dejar\u00e1n sus cargos"},"content":{"rendered":"<p>El Gobierno ya ha decidido que se aceptar\u00e1n las renuncias de los gerentes de la Flota Petrolera Ecuatoriana <strong>(Flopec)<\/strong><\/p>\n<p>y la Corporaci\u00f3n Nacional de Electricidad <strong>(CNEL)<\/strong>.<\/p>\n<p>Lo confirm\u00f3 a PRIMICIAS el ministro de Energ\u00eda, Fernando Santos.<\/p>\n<p>Para que la decisi\u00f3n se concrete, los Directorios de CNEL y Flopec deber\u00e1n reunirse para tratar el tema.<\/p>\n<p>Quien preside los directorios es el presidente de la Empresa Coordinadora de Empresas P\u00fablicas <strong>(EMCO).<\/strong><\/p>\n<p>&nbsp;<\/p>\n<p>\u201cSe decidi\u00f3 ya la salida de<strong> Oswaldo Rosero,<\/strong> gerente de <strong>Flopec,<\/strong> y las <strong>Fuerzas Armadas<\/strong> presentaron<\/p>\n<p>una terna para la elecci\u00f3n del nuevo funcionario\u201d, explic\u00f3 el ministro.<\/p>\n<p>&nbsp;<\/p>\n<p>Adem\u00e1s de Rosero, la <strong>EMCO<\/strong> aceptar\u00e1 la dimisi\u00f3n de Antonio Clemente Icaza, gerente de <strong>CNEL,<\/strong> que es una empresa<\/p>\n<p>de distribuci\u00f3n el\u00e9ctrica que opera en las provincias de la Costa.<\/p>\n<p>Las primeras decisiones apuntaron a los gerentes cuyas viviendas fueron allanadas por la Fiscal\u00eda, de acuerdo con Santos.<\/p>\n<p>&nbsp;<\/p>\n<p>\u201cLa Fiscal\u00eda encuentra presunciones para justificar un allanamiento a sus domicilios.<\/p>\n<p>Eso es inaceptable\u201d, agreg\u00f3 el ministro de Energ\u00eda.<\/p>\n<p>Los allanamientos, realizados por la Fiscal\u00eda de Pichincha, tuvieron lugar la madrugada del 20 de enero de 2022.<\/p>\n<p>Fueron llevados a cabo, como parte del llamado C<strong>aso Encuentro, en Samborond\u00f3n, Guayaquil y Quito. <\/strong><\/p>\n<p>&nbsp;<\/p>\n<p>Las dimisiones ocurren en medio de un esc\u00e1ndalo por supuestas irregularidades en las empresas estatales del sector el\u00e9ctrico<\/p>\n<p>y petrolero que son coordinadas por <strong>EMCO. <\/strong><\/p>\n<p>En este contexto, el directorio de la <strong>EMCO<\/strong> decidi\u00f3 remover de la gerencia de la Empresa Coordinadora de Empresas P\u00fablicas<\/p>\n<p>a C<strong>arlos Guayaquil Rodr\u00edguez.<\/strong><\/p>\n<p><strong>Posibles malos manejos:<\/strong><\/p>\n<p>Un informe de la Secretar\u00eda Anticorrupci\u00f3n detalla varias falencias que pueden abrir paso a la corrupci\u00f3n en las principales empresas<\/p>\n<p>coordinadas por <strong>EMCO. <\/strong><\/p>\n<p>Por ejemplo, sobre la <strong>CNEL,<\/strong> el informe resalta las p\u00e9rdidas de electricidad y en la facturaci\u00f3n por falta de eficiencia empresarial.<\/p>\n<p>En CNEL, que es un monopolio del Estado, el informe menciona el riesgo de \u201ccaptaci\u00f3n de estamentos gerenciales por parte<\/p>\n<p>de grupos corruptos\u201d.<\/p>\n<p>Mientras que en<strong> Flopec<\/strong> el informe habla de discrecionalidad en la designaci\u00f3n de directivos y de falta de rendici\u00f3n de cuentas<\/p>\n<p>especialmente en cuatro subsidiarias de Flota en el exterior.<\/p>\n<p><small><\/small><\/p>\n<p><strong>Las empresas de EMCO<\/strong><\/p>\n<p><small><\/small><\/p>\n<p>Bajo la coordinaci\u00f3n de la <strong>EMCO<\/strong> hay 12 empresas estatales, que tambi\u00e9n incluyen a la petrolera Petroecuador<\/p>\n<p>y a la holding de electricidad <strong>Celec. <\/strong><\/p>\n<p>Las empresas coordinadas por <strong>EMCO son:<\/strong><\/p>\n<p>Petroecuador.<\/p>\n<p>Flopec.<\/p>\n<p>Celec.<\/p>\n<p>CNEL.<\/p>\n<p>Empresa Nacional Minera <strong>(Enami). <\/strong><\/p>\n<p>Empresa P\u00fablica del Agua.<\/p>\n<p>Corporaci\u00f3n Nacional de Telecomunicaciones <strong>(CNT). <\/strong><\/p>\n<p>Astilleros Navales Ecuatorianos <strong>(Astinave). <\/strong><\/p>\n<p>La Empresa P\u00fablica Servicios Postales de Ecuador.<\/p>\n<p>Empresa P\u00fablica de Comunicaci\u00f3n de Ecuador <strong>(medios p\u00fablicos). <\/strong><\/p>\n<p>Empresa de Municiones Santa B\u00e1rbara.<\/p>\n<p>Creamos Infraestructura.\u00a0 \u00a0 \u00a0 \u00a0 \u00a0 \u00a0 \u00a0 \u00a0 \u00a0 \u00a0 \u00a0 \u00a0 \u00a0 \u00a0 \u00a0 \u00a0 \u00a0 \u00a0 \u00a0 \u00a0 \u00a0 \u00a0 \u00a0 \u00a0 \u00a0 \u00a0 \u00a0 \u00a0 \u00a0 \u00a0 \u00a0 \u00a0 \u00a0 \u00a0 \u00a0 \u00a0 \u00a0 \u00a0 \u00a0 \u00a0 \u00a0 \u00a0 \u00a0 \u00a0 \u00a0 \u00a0 \u00a0 \u00a0 \u00a0 \u00a0 \u00a0 \u00a0 \u00a0 \u00a0 \u00a0 \u00a0 \u00a0 \u00a0 \u00a0<strong>(I)<\/strong><\/p>\n<p>Fuente: evafm.net &#8211; primicias.ec<\/p>\n<div class=\"gsp_post_data\" \r\n\t            data-post_type=\"post\" \r\n\t            data-cat=\"noticias-ecuador\" \r\n\t            data-modified=\"120\"\r\n\t            data-created=\"1674595038\"\r\n\t            data-title=\"Gerentes de Flopec y CNEL dejar\u00e1n sus cargos\" \r\n\t            data-home=\"https:\/\/www.evafm.net\/sitio\"><\/div>","protected":false},"excerpt":{"rendered":"<p>El Gobierno ya ha decidido que se aceptar\u00e1n las renuncias de los gerentes de la Flota Petrolera Ecuatoriana (Flopec) y la Corporaci\u00f3n Nacional de Electricidad (CNEL). Lo confirm\u00f3 a PRIMICIAS el ministro de Energ\u00eda, Fernando Santos. Para que la decisi\u00f3n se concrete, los Directorios de CNEL y Flopec deber\u00e1n reunirse para tratar el tema. Quien&#8230;<\/p>\n","protected":false},"author":5,"featured_media":72255,"comment_status":"closed","ping_status":"open","sticky":false,"template":"","format":"standard","meta":{"_joinchat":[],"footnotes":""},"categories":[1558],"tags":[],"class_list":["post-72254","post","type-post","status-publish","format-standard","has-post-thumbnail","hentry","category-noticias-ecuador","have-post-thumb"],"_links":{"self":[{"href":"https:\/\/www.evafm.net\/sitio\/wp-json\/wp\/v2\/posts\/72254","targetHints":{"allow":["GET"]}}],"collection":[{"href":"https:\/\/www.evafm.net\/sitio\/wp-json\/wp\/v2\/posts"}],"about":[{"href":"https:\/\/www.evafm.net\/sitio\/wp-json\/wp\/v2\/types\/post"}],"author":[{"embeddable":true,"href":"https:\/\/www.evafm.net\/sitio\/wp-json\/wp\/v2\/users\/5"}],"replies":[{"embeddable":true,"href":"https:\/\/www.evafm.net\/sitio\/wp-json\/wp\/v2\/comments?post=72254"}],"version-history":[{"count":1,"href":"https:\/\/www.evafm.net\/sitio\/wp-json\/wp\/v2\/posts\/72254\/revisions"}],"predecessor-version":[{"id":72256,"href":"https:\/\/www.evafm.net\/sitio\/wp-json\/wp\/v2\/posts\/72254\/revisions\/72256"}],"wp:featuredmedia":[{"embeddable":true,"href":"https:\/\/www.evafm.net\/sitio\/wp-json\/wp\/v2\/media\/72255"}],"wp:attachment":[{"href":"https:\/\/www.evafm.net\/sitio\/wp-json\/wp\/v2\/media?parent=72254"}],"wp:term":[{"taxonomy":"category","embeddable":true,"href":"https:\/\/www.evafm.net\/sitio\/wp-json\/wp\/v2\/categories?post=72254"},{"taxonomy":"post_tag","embeddable":true,"href":"https:\/\/www.evafm.net\/sitio\/wp-json\/wp\/v2\/tags?post=72254"}],"curies":[{"name":"wp","href":"https:\/\/api.w.org\/{rel}","templated":true}]}}