{"id":72257,"date":"2023-01-24T21:28:45","date_gmt":"2023-01-25T02:28:45","guid":{"rendered":"https:\/\/www.evafm.net\/sitio\/?p=72257"},"modified":"2023-01-24T21:28:45","modified_gmt":"2023-01-25T02:28:45","slug":"ferroviarios-franceses-amenazaron-con-un-paro","status":"publish","type":"post","link":"https:\/\/www.evafm.net\/sitio\/ferroviarios-franceses-amenazaron-con-un-paro\/","title":{"rendered":"Ferroviarios franceses amenazaron con un paro"},"content":{"rendered":"<p class=\"paragraph\">Los sindicatos <strong>CGT y Sud Rail<\/strong> de la compa\u00f1\u00eda francesa de ferrocarriles SNCF anunciaron este martes\u00a0<b>su intenci\u00f3n de organizar<\/b><\/p>\n<p class=\"paragraph\"><b> un paro de trenes el 7 y el 8 de febrero contra la\u00a0<\/b><b>reforma de las pensiones<\/b><\/p>\n<p class=\"paragraph\">que se sumar\u00eda a la jornada unitaria de huelgas y manifestaciones del 31 de enero en todos los sectores.<\/p>\n<p class=\"paragraph\">La Confederaci\u00f3n General del Trabajo <strong>(CGT),<\/strong> primera central de la Sociedad Nacional de Ferrocarriles <strong>(SNCF)<\/strong><\/p>\n<p class=\"paragraph\">y Sud Rail, que juntos re\u00fanen m\u00e1s del 50% de la representaci\u00f3n sindical de la empresa, proponen la convocatoria de asambleas generales<\/p>\n<p class=\"paragraph\">al final del d\u00eda 31 para plantear huelgas prorrogables en febrero si el Gobierno no retira su propuesta de reforma.<\/p>\n<p>&nbsp;<\/p>\n<p class=\"paragraph\">Su idea, seg\u00fan explic\u00f3 en una entrevista al canal\u00a0<i>BFMTV\u00a0<\/i>el delegado de Sud Rail\u00a0<b>Fabien Villedieu<\/b>, es organizar dos d\u00edas de paro<\/p>\n<p class=\"paragraph\">de trenes consecutivos el <strong>7 y el 8 de febrero<\/strong> con la intenci\u00f3n de arrastrar a otros sectores.<\/p>\n<p>&nbsp;<\/p>\n<p class=\"paragraph\">Esas fechas coinciden con los llamamientos a la huelga de otras secciones de la <strong>CGT<\/strong> en el sector de la energ\u00eda y del petr\u00f3leo<\/p>\n<p class=\"paragraph\">y adem\u00e1s encajan en las vacaciones escolares en Francia, que se van a escalonar<\/p>\n<p class=\"paragraph\">-dependiendo de las regiones- del 4 de febrero al 5 de marzo.<\/p>\n<p>&nbsp;<\/p>\n<p class=\"paragraph\">Otros dos de las grandes centrales sindicales, la Confederaci\u00f3n Francesa Democr\u00e1tica de Trabajadores <strong>(CFDT)<\/strong><\/p>\n<p class=\"paragraph\">y la Uni\u00f3n Nacional de Sindicatos Aut\u00f3nomos <strong>(UNSA)<\/strong> no han querido sumarse a estos llamamientos al paro en febrero<\/p>\n<p class=\"paragraph\">al menos no por el momento, porque quieren concentrarse en la jornada del <strong>31 de enero.<\/strong><\/p>\n<p>&nbsp;<\/p>\n<p class=\"paragraph\">El primer d\u00eda de huelgas y manifestaciones unitarias el pasado d\u00eda 19 consigui\u00f3 una movilizaci\u00f3n masiva, ya que entre uno<\/p>\n<p class=\"paragraph\">y dos millones de personas salieron a la calle a protestar\u00a0contra el proyecto de reforma de pensiones del Gobierno de<\/p>\n<p class=\"paragraph\">Emmanuel Macron\u00a0que pretende, en particular, retrasar la edad m\u00ednima de jubilaci\u00f3n de 62 a 64 a\u00f1os.<\/p>\n<p>&nbsp;<\/p>\n<p class=\"paragraph\">Los trabajadores exigen, adem\u00e1s,\u00a0<b>que se acelere el aumento del per\u00edodo de cotizaci\u00f3n -de 42 a 43 a\u00f1os para 2027- <\/b><\/p>\n<p class=\"paragraph\"><b>para cobrar una pensi\u00f3n completa.<\/b><\/p>\n<p>&nbsp;<\/p>\n<p class=\"paragraph\">Antes de que se conociera la convocatoria del <strong>7 y el 8 de diciembre,<\/strong> el ministro de Transportes,\u00a0<b>Cl\u00e9ment Beaune<\/b>, anticip\u00f3 que<\/p>\n<p class=\"paragraph\">la del <strong>31 de enero<\/strong> \u201cva a ser una jornada dif\u00edcil\u201d para quienes tengan que viajar y, ante la posibilidad de nuevos paros durante<\/p>\n<p class=\"paragraph\">las vacaciones escolares hizo un llamamiento <strong>\u201ca la responsabilidad\u201d y \u201cal respeto\u201d.<\/strong><\/p>\n<p>&nbsp;<\/p>\n<p class=\"paragraph\">En declaraciones a la emisora\u00a0<strong><i>France Info<\/i>, Beaune record\u00f3<\/strong> que los usuarios de los trenes ya hab\u00edan tenido que sufrir perturbaciones<\/p>\n<p class=\"paragraph\">por huelgas durante las pasadas vacaciones de navidad. <strong>(I)<\/strong><\/p>\n<p>&nbsp;<\/p>\n<p><img fetchpriority=\"high\" decoding=\"async\" class=\"\" src=\"https:\/\/cloudfront-us-east-1.images.arcpublishing.com\/infobae\/JS4ZYTTSMJBU3XKBFG55N3ERUQ.jpg\" alt=\"El s\u00e1bado 21 miles de j\u00f3venes se manifestaron en Par\u00eds contra el gobierno de Emmanuel Macron (REUTERS\/Benoit Tessier)\" width=\"601\" height=\"401\" \/><\/p>\n<p>El s\u00e1bado 21 miles de j\u00f3venes se manifestaron en Par\u00eds contra el gobierno de<\/p>\n<p>Emmanuel Macron <strong>(REUTERS\/Benoit Tessier)<\/strong><\/p>\n<p>&nbsp;<\/p>\n<p>&nbsp;<\/p>\n<p><strong>Fuente:<\/strong> evafm.net &#8211; infobae.com<\/p>\n<div class=\"gsp_post_data\" \r\n\t            data-post_type=\"post\" \r\n\t            data-cat=\"noticias-internacionales\" \r\n\t            data-modified=\"120\"\r\n\t            data-created=\"1674595725\"\r\n\t            data-title=\"Ferroviarios franceses amenazaron con un paro\" \r\n\t            data-home=\"https:\/\/www.evafm.net\/sitio\"><\/div>","protected":false},"excerpt":{"rendered":"<p>Los sindicatos CGT y Sud Rail de la compa\u00f1\u00eda francesa de ferrocarriles SNCF anunciaron este martes\u00a0su intenci\u00f3n de organizar un paro de trenes el 7 y el 8 de febrero contra la\u00a0reforma de las pensiones que se sumar\u00eda a la jornada unitaria de huelgas y manifestaciones del 31 de enero en todos los sectores. La&#8230;<\/p>\n","protected":false},"author":5,"featured_media":72258,"comment_status":"closed","ping_status":"open","sticky":false,"template":"","format":"standard","meta":{"_joinchat":[],"footnotes":""},"categories":[1345],"tags":[],"class_list":["post-72257","post","type-post","status-publish","format-standard","has-post-thumbnail","hentry","category-noticias-internacionales","have-post-thumb"],"_links":{"self":[{"href":"https:\/\/www.evafm.net\/sitio\/wp-json\/wp\/v2\/posts\/72257","targetHints":{"allow":["GET"]}}],"collection":[{"href":"https:\/\/www.evafm.net\/sitio\/wp-json\/wp\/v2\/posts"}],"about":[{"href":"https:\/\/www.evafm.net\/sitio\/wp-json\/wp\/v2\/types\/post"}],"author":[{"embeddable":true,"href":"https:\/\/www.evafm.net\/sitio\/wp-json\/wp\/v2\/users\/5"}],"replies":[{"embeddable":true,"href":"https:\/\/www.evafm.net\/sitio\/wp-json\/wp\/v2\/comments?post=72257"}],"version-history":[{"count":1,"href":"https:\/\/www.evafm.net\/sitio\/wp-json\/wp\/v2\/posts\/72257\/revisions"}],"predecessor-version":[{"id":72259,"href":"https:\/\/www.evafm.net\/sitio\/wp-json\/wp\/v2\/posts\/72257\/revisions\/72259"}],"wp:featuredmedia":[{"embeddable":true,"href":"https:\/\/www.evafm.net\/sitio\/wp-json\/wp\/v2\/media\/72258"}],"wp:attachment":[{"href":"https:\/\/www.evafm.net\/sitio\/wp-json\/wp\/v2\/media?parent=72257"}],"wp:term":[{"taxonomy":"category","embeddable":true,"href":"https:\/\/www.evafm.net\/sitio\/wp-json\/wp\/v2\/categories?post=72257"},{"taxonomy":"post_tag","embeddable":true,"href":"https:\/\/www.evafm.net\/sitio\/wp-json\/wp\/v2\/tags?post=72257"}],"curies":[{"name":"wp","href":"https:\/\/api.w.org\/{rel}","templated":true}]}}