{"id":72267,"date":"2023-01-25T14:35:32","date_gmt":"2023-01-25T19:35:32","guid":{"rendered":"https:\/\/www.evafm.net\/sitio\/?p=72267"},"modified":"2023-01-25T14:35:32","modified_gmt":"2023-01-25T19:35:32","slug":"estos-son-los-nominados-a-los-premios-el-pro-de-2022","status":"publish","type":"post","link":"https:\/\/www.evafm.net\/sitio\/estos-son-los-nominados-a-los-premios-el-pro-de-2022\/","title":{"rendered":"Estos son los nominados a los premios El Pro de 2022"},"content":{"rendered":"<p><strong>La LigaPro<\/strong> present\u00f3 a los nominados para las diferentes categor\u00edas de los premios <strong>El Pro<\/strong> de la temporada de 2022.<\/p>\n<p>Estos galardones premian a los mejores jugadores en las distintas posiciones del campo, adem\u00e1s del mejor entrenador<\/p>\n<p>mejor gol, mejor jugada, mejor celebraci\u00f3n, jugador revelaci\u00f3n y el futbolista del a\u00f1o <strong>(El Pro).<\/strong><\/p>\n<p>Las votaciones ya est\u00e1n abiertas en la p\u00e1gina web de la<strong> LigaPro<\/strong> y los hinchas pueden elegir a los mejores de cada categor\u00eda.<\/p>\n<p>El <strong>jueves 2 de febrero<\/strong> se dar\u00e1n a conocer los ganadores en la gala de El Pro, que se llevar\u00e1 a cabo en <strong>Cuenca. (D)<\/strong><\/p>\n<p><strong>Nominados a los premios El Pro:<\/strong><\/p>\n<p><strong>Mejor arquero:<\/strong><\/p>\n<p>Hern\u00e1n Gal\u00edndez <strong>(Aucas) <\/strong><\/p>\n<p>Javier Burrai <strong>(Barcelona) <\/strong><\/p>\n<p>Gonzalo Valle <strong>(Guayaquil City) <\/strong><\/p>\n<p>Pedro Ort\u00edz <strong>(Emelec) <\/strong><\/p>\n<p>Mois\u00e9s Ram\u00edrez <strong>(IDV)<\/strong><\/p>\n<p><small><\/small><\/p>\n<p><strong>Mejor lateral derecho:<\/strong><\/p>\n<p>Romario Caicedo <strong>(Emelec) <\/strong><\/p>\n<p>Richard Far\u00edas <strong>(Gualaceo)<\/strong><\/p>\n<p>Klebinho <strong>(Guayaquil City) <\/strong><\/p>\n<p>Pedro Pablo Perlaza <strong>(Aucas) <\/strong><\/p>\n<p>Jos\u00e9 Quintero <strong>(LDU Quito)<\/strong><\/p>\n<p><small><\/small><\/p>\n<p><strong>Mejor defensa:<\/strong><\/p>\n<p>Ricardo Ad\u00e9 <strong>(Aucas) <\/strong><\/p>\n<p>Richard Mina <strong>(Aucas) <\/strong><\/p>\n<p>Carlos Rodr\u00edguez <strong>(Barcelona) <\/strong><\/p>\n<p>Richard Schunke (<strong>IDV) <\/strong><\/p>\n<p>Luca Sosa <strong>(Barcelona)<\/strong><\/p>\n<p><small><\/small><\/p>\n<p><strong>Mejor lateral izquierdo:<\/strong><\/p>\n<p><small><\/small><\/p>\n<p>Jhoanner Ch\u00e1vez<strong> (IDV) <\/strong><\/p>\n<p>Carlos Cuero<strong> (Aucas) <\/strong><\/p>\n<p>Lay\u00e1n Loor <strong>(U Cat\u00f3lica) <\/strong><\/p>\n<p>Jonathan Perlaza <strong>(Barcelona)<\/strong><\/p>\n<p>Jackson Rodr\u00edguez <strong>(Emelec)<\/strong><\/p>\n<p><strong>Mejor volante central:<\/strong><\/p>\n<p>Lorenzo Faravelli <strong>(IDV) <\/strong><\/p>\n<p>Jean Humanante <strong>(Guayaquil City) <\/strong><\/p>\n<p>Facundo Mart\u00ednez <strong>(U Cat\u00f3lica)<\/strong><\/p>\n<p>Cristian Pellerano <strong>(IDV) <\/strong><\/p>\n<p>Jhonny Qui\u00f1\u00f3nez <strong>(Aucas)<\/strong><\/p>\n<p><small><\/small><\/p>\n<p><strong>Mejor volante ofensivo:<\/strong><\/p>\n<p>Alexander Alvarado <strong>(LDU Quito) <\/strong><\/p>\n<p>Jos\u00e9 Francisco Cevallos <strong>(Emelec) <\/strong><\/p>\n<p>Dami\u00e1n D\u00edaz <strong>(Barcelona) <\/strong><\/p>\n<p>V\u00edctor Figueroa <strong>(Aucas) <\/strong><\/p>\n<p>Junior Sornoza <strong>(IDV)<\/strong><\/p>\n<p><small><\/small><\/p>\n<p><strong>Mejor delantero:<\/strong><\/p>\n<p>Ismael D\u00edaz <strong>(U Cat\u00f3lica) <\/strong><\/p>\n<p>Lautaro D\u00edaz <strong>(IDV) <\/strong><\/p>\n<p>Francisco Fydriszewski <strong>(Aucas) <\/strong><\/p>\n<p>Tom\u00e1s Molina <strong>(LDU Quito) <\/strong><\/p>\n<p>Santiago Giordana <strong>(Mushuc Runa)<\/strong><\/p>\n<p><small><\/small><\/p>\n<p><strong>Jugador revelaci\u00f3n:<\/strong><\/p>\n<p>Roger Arias <strong>(Guayaquil City)<\/strong><\/p>\n<p>Hancel Batalla <strong>(Cumbay\u00e1) <\/strong><\/p>\n<p>Sebasti\u00e1n Gonz\u00e1lez <strong>(LDU Quito) <\/strong><\/p>\n<p>Michael Mieles <strong>(Delf\u00edn) <\/strong><\/p>\n<p>Erick Pl\u00faas <strong>(Orense)<\/strong><\/p>\n<p><small><\/small><\/p>\n<p><strong>Mejor entrenador:<\/strong><\/p>\n<p>Mart\u00edn Anselmi <strong>(IDV)\u00a0<\/strong><\/p>\n<p>Jorge C\u00e9lico <strong>(Barcelona) <\/strong><\/p>\n<p>C\u00e9sar Far\u00edas <strong>(Aucas) <\/strong><\/p>\n<p>Miguel Rondelli <strong>(U Cat\u00f3lica)<\/strong><\/p>\n<p>Luis Zubeld\u00eda <strong>(LDU Quito)<\/strong><\/p>\n<p><small><\/small><\/p>\n<p><strong>Mejor gol:<\/strong><\/p>\n<p>Ra\u00fal Becerra (Deportivo Cuenca) vs. Barcelona<\/p>\n<p>Jos\u00e9 Cevallos (Emelec) vs. Barcelona<\/p>\n<p>Francisco Fydriszewski (Aucas) vs. Gualaceo<\/p>\n<p>Santiago Giordana (Mushuc Runa) vs. Cumbay\u00e1<\/p>\n<p>Fernando Gaibor (IDV) vs. Cumbay\u00e1<\/p>\n<p><strong>Mejor jugada:<\/strong><\/p>\n<p>John Jairo Cifuente (Barcelona) vs. Guayaquil City<\/p>\n<p>Lorenzo Faravelli (IDV) vs. Gualaceo<\/p>\n<p>Klebinho (Guayaquil City) vs. Aucas<\/p>\n<p>Henry Patta (Gualaceo) vs. Macar\u00e1<\/p>\n<p>Leonardo Villagra (Orense) vs. Aucas<\/p>\n<p><strong>Mejor celebraci\u00f3n:<\/strong><\/p>\n<p>Andr\u00e9s Chicaiza (Delf\u00edn) vs. Liga<\/p>\n<p>Santiago Giordana (Mushuc Runa) vs. Cumbay\u00e1<\/p>\n<p>Luis Mina (Macar\u00e1) vs. U Cat\u00f3lica<\/p>\n<p>Leonardo Vanegas (Gualaceo) vs. IDV<\/p>\n<p><strong>Futbolista del a\u00f1o:<\/strong>(El Pro)<\/p>\n<p>Ricardo Ad\u00e9 <strong>(Aucas) <\/strong><\/p>\n<p>V\u00edctor Figueroa <strong>(Aucas)<\/strong><\/p>\n<p>Junior Sornoza <strong>(IDV) <\/strong><\/p>\n<p>Alexander Alvarado <strong>(LDU Quito) <\/strong><\/p>\n<p>Francisco Fydriszewski <strong>(Aucas)<\/strong><\/p>\n<p>&nbsp;<\/p>\n<p>Fuente: evafm.net &#8211; primicias.ec<\/p>\n<p>&nbsp;<\/p>\n<div class=\"gsp_post_data\" \r\n\t            data-post_type=\"post\" \r\n\t            data-cat=\"deportes-ecuador\" \r\n\t            data-modified=\"120\"\r\n\t            data-created=\"1674657332\"\r\n\t            data-title=\"Estos son los nominados a los premios El Pro de 2022\" \r\n\t            data-home=\"https:\/\/www.evafm.net\/sitio\"><\/div>","protected":false},"excerpt":{"rendered":"<p>La LigaPro present\u00f3 a los nominados para las diferentes categor\u00edas de los premios El Pro de la temporada de 2022. Estos galardones premian a los mejores jugadores en las distintas posiciones del campo, adem\u00e1s del mejor entrenador mejor gol, mejor jugada, mejor celebraci\u00f3n, jugador revelaci\u00f3n y el futbolista del a\u00f1o (El Pro). Las votaciones ya&#8230;<\/p>\n","protected":false},"author":5,"featured_media":72269,"comment_status":"closed","ping_status":"open","sticky":false,"template":"","format":"standard","meta":{"_joinchat":[],"footnotes":""},"categories":[1557],"tags":[],"class_list":["post-72267","post","type-post","status-publish","format-standard","has-post-thumbnail","hentry","category-deportes-ecuador","have-post-thumb"],"_links":{"self":[{"href":"https:\/\/www.evafm.net\/sitio\/wp-json\/wp\/v2\/posts\/72267","targetHints":{"allow":["GET"]}}],"collection":[{"href":"https:\/\/www.evafm.net\/sitio\/wp-json\/wp\/v2\/posts"}],"about":[{"href":"https:\/\/www.evafm.net\/sitio\/wp-json\/wp\/v2\/types\/post"}],"author":[{"embeddable":true,"href":"https:\/\/www.evafm.net\/sitio\/wp-json\/wp\/v2\/users\/5"}],"replies":[{"embeddable":true,"href":"https:\/\/www.evafm.net\/sitio\/wp-json\/wp\/v2\/comments?post=72267"}],"version-history":[{"count":1,"href":"https:\/\/www.evafm.net\/sitio\/wp-json\/wp\/v2\/posts\/72267\/revisions"}],"predecessor-version":[{"id":72270,"href":"https:\/\/www.evafm.net\/sitio\/wp-json\/wp\/v2\/posts\/72267\/revisions\/72270"}],"wp:featuredmedia":[{"embeddable":true,"href":"https:\/\/www.evafm.net\/sitio\/wp-json\/wp\/v2\/media\/72269"}],"wp:attachment":[{"href":"https:\/\/www.evafm.net\/sitio\/wp-json\/wp\/v2\/media?parent=72267"}],"wp:term":[{"taxonomy":"category","embeddable":true,"href":"https:\/\/www.evafm.net\/sitio\/wp-json\/wp\/v2\/categories?post=72267"},{"taxonomy":"post_tag","embeddable":true,"href":"https:\/\/www.evafm.net\/sitio\/wp-json\/wp\/v2\/tags?post=72267"}],"curies":[{"name":"wp","href":"https:\/\/api.w.org\/{rel}","templated":true}]}}