{"id":72287,"date":"2023-01-26T14:36:01","date_gmt":"2023-01-26T19:36:01","guid":{"rendered":"https:\/\/www.evafm.net\/sitio\/?p=72287"},"modified":"2023-01-26T14:36:01","modified_gmt":"2023-01-26T19:36:01","slug":"jorge-glas-cumplira-sentencia-de-ocho-anos-de-prision","status":"publish","type":"post","link":"https:\/\/www.evafm.net\/sitio\/jorge-glas-cumplira-sentencia-de-ocho-anos-de-prision\/","title":{"rendered":"Jorge Glas cumplir\u00e1 sentencia de ocho a\u00f1os de prisi\u00f3n"},"content":{"rendered":"<p>La jueza <strong>Melissa Mu\u00f1oz<\/strong> acept\u00f3, <strong>este 26 de enero de 2023<\/strong>, el pedido del exvicepresidente <strong>Jorge Glas<\/strong><\/p>\n<p>para unificar las penas de prisi\u00f3n existentes en su contra.<\/p>\n<p>Sin embargo, la jueza neg\u00f3 la solicitud de prelibertad.<\/p>\n<p>En la diligencia para resolver la unificaci\u00f3n de penas, el Gobierno, a trav\u00e9s del director de la <strong>C\u00e1rcel 4<\/strong><\/p>\n<p><strong> Diego Flores,<\/strong> y su abogada, present\u00f3 un informe jur\u00eddico de la situaci\u00f3n del exfuncionario.<\/p>\n<p>Tatiana Gavidia, abogada de Flores, explic\u00f3 que, al momento, y tras la declaratoria de nulidad del caso <strong>Singue<\/strong><\/p>\n<p><strong> Glas<\/strong> mantiene dos sentencias en su contra.<\/p>\n<p>&nbsp;<\/p>\n<p><strong>Seis a\u00f1os de prisi\u00f3n,<\/strong> por asociaci\u00f3n il\u00edcita, en el caso Odebrecht.<\/p>\n<p><strong>Ocho a\u00f1os de c\u00e1rcel,<\/strong> por cohecho, en el caso Sobornos.<\/p>\n<p>Por lo que, acogiendo el pedido de la defensa de Glas, el Gobierno plante\u00f3 oficialmente a la <strong>jueza Melissa Mu\u00f1oz <\/strong><\/p>\n<p>que la pena mayor absorba a la menor.<\/p>\n<p>Es decir, que el exvicepresidente solo cumpla la pena de <strong>ocho a\u00f1os<\/strong>, correspondiente al <strong>caso Sobornos. <\/strong><\/p>\n<p>&nbsp;<\/p>\n<p>Por parte de Glas, intervino el <strong>abogado Christian Palacios. <\/strong><\/p>\n<p>El jurista coincidi\u00f3 con el pedido de Gavidia y solicit\u00f3 tambi\u00e9n la unificaci\u00f3n de las dos penas del exfuncionario<\/p>\n<p>en una sola de <strong>ocho a\u00f1os de prisi\u00f3n.<\/strong><\/p>\n<p>&nbsp;<\/p>\n<p><strong>El camino a la prelibertad:<\/strong><\/p>\n<p>Adem\u00e1s, Palacios pidi\u00f3 que, en esta misma audiencia, se decida el beneficio de prelibertad a favor de Glas.<\/p>\n<p>El Gobierno, a trav\u00e9s de su representante, rechaz\u00f3 la solicitud porque, seg\u00fan dijo, solo cuando se decida<\/p>\n<p>la unificaci\u00f3n de penas, Glas podr\u00eda empezar el camino regular para acceder a ese beneficio.<\/p>\n<p>&nbsp;<\/p>\n<p>Finalmente, la jueza estuvo de acuerdo con este argumento y neg\u00f3 la prelibertad.<\/p>\n<p>Christian Palacios, abogado de Glas, indic\u00f3 que tras esta resoluci\u00f3n, empezar\u00e1n el tr\u00e1mite para la prelibertad.<\/p>\n<p>&nbsp;<\/p>\n<p>Aunque aclar\u00f3 que mientras tanto Glas se mantendr\u00e1 libre, ya que est\u00e1 vigente una medida cautelar a su favor.<\/p>\n<p>El <strong>22 de noviembre de 2022<\/strong>, el juez <strong>Emerson Curipallo<\/strong> de <strong>Santo Domingo<\/strong><\/p>\n<p>le concedi\u00f3 una medida cautelar con la que sali\u00f3 de prisi\u00f3n. <strong>(I)<\/strong><\/p>\n<p>Fuente: evafm.net &#8211; primicias.ec<\/p>\n<div class=\"gsp_post_data\" \r\n\t            data-post_type=\"post\" \r\n\t            data-cat=\"general,noticias-ecuador\" \r\n\t            data-modified=\"120\"\r\n\t            data-created=\"1674743761\"\r\n\t            data-title=\"Jorge Glas cumplir\u00e1 sentencia de ocho a\u00f1os de prisi\u00f3n\" \r\n\t            data-home=\"https:\/\/www.evafm.net\/sitio\"><\/div>","protected":false},"excerpt":{"rendered":"<p>La jueza Melissa Mu\u00f1oz acept\u00f3, este 26 de enero de 2023, el pedido del exvicepresidente Jorge Glas para unificar las penas de prisi\u00f3n existentes en su contra. Sin embargo, la jueza neg\u00f3 la solicitud de prelibertad. En la diligencia para resolver la unificaci\u00f3n de penas, el Gobierno, a trav\u00e9s del director de la C\u00e1rcel 4&#8230;<\/p>\n","protected":false},"author":5,"featured_media":72288,"comment_status":"closed","ping_status":"open","sticky":false,"template":"","format":"standard","meta":{"_joinchat":[],"footnotes":""},"categories":[1720,1558],"tags":[],"class_list":["post-72287","post","type-post","status-publish","format-standard","has-post-thumbnail","hentry","category-general","category-noticias-ecuador","have-post-thumb"],"_links":{"self":[{"href":"https:\/\/www.evafm.net\/sitio\/wp-json\/wp\/v2\/posts\/72287","targetHints":{"allow":["GET"]}}],"collection":[{"href":"https:\/\/www.evafm.net\/sitio\/wp-json\/wp\/v2\/posts"}],"about":[{"href":"https:\/\/www.evafm.net\/sitio\/wp-json\/wp\/v2\/types\/post"}],"author":[{"embeddable":true,"href":"https:\/\/www.evafm.net\/sitio\/wp-json\/wp\/v2\/users\/5"}],"replies":[{"embeddable":true,"href":"https:\/\/www.evafm.net\/sitio\/wp-json\/wp\/v2\/comments?post=72287"}],"version-history":[{"count":1,"href":"https:\/\/www.evafm.net\/sitio\/wp-json\/wp\/v2\/posts\/72287\/revisions"}],"predecessor-version":[{"id":72289,"href":"https:\/\/www.evafm.net\/sitio\/wp-json\/wp\/v2\/posts\/72287\/revisions\/72289"}],"wp:featuredmedia":[{"embeddable":true,"href":"https:\/\/www.evafm.net\/sitio\/wp-json\/wp\/v2\/media\/72288"}],"wp:attachment":[{"href":"https:\/\/www.evafm.net\/sitio\/wp-json\/wp\/v2\/media?parent=72287"}],"wp:term":[{"taxonomy":"category","embeddable":true,"href":"https:\/\/www.evafm.net\/sitio\/wp-json\/wp\/v2\/categories?post=72287"},{"taxonomy":"post_tag","embeddable":true,"href":"https:\/\/www.evafm.net\/sitio\/wp-json\/wp\/v2\/tags?post=72287"}],"curies":[{"name":"wp","href":"https:\/\/api.w.org\/{rel}","templated":true}]}}