{"id":72290,"date":"2023-01-26T14:57:49","date_gmt":"2023-01-26T19:57:49","guid":{"rendered":"https:\/\/www.evafm.net\/sitio\/?p=72290"},"modified":"2023-01-26T14:57:49","modified_gmt":"2023-01-26T19:57:49","slug":"las-fuerzas-armadas-japonesas-se-hacen-mas-fuertes","status":"publish","type":"post","link":"https:\/\/www.evafm.net\/sitio\/las-fuerzas-armadas-japonesas-se-hacen-mas-fuertes\/","title":{"rendered":"Las fuerzas armadas japonesas se hacen m\u00e1s fuertes"},"content":{"rendered":"<p class=\"paragraph\">Pase suficiente tiempo en las bases militares japonesas y en los despachos de los responsables pol\u00edticos<\/p>\n<p class=\"paragraph\">y acabar\u00e1 encontr\u00e1ndose con el mismo mapa inusual.<\/p>\n<p>&nbsp;<\/p>\n<p class=\"paragraph\">Representa <b>Asia Oriental\u00a0<\/b>girada 90 grados en sentido contrario a las agujas del reloj, como para mostrar<\/p>\n<p class=\"paragraph\">la regi\u00f3n desde la perspectiva de\u00a0<b>Beijing<\/b>, mirando a trav\u00e9s del\u00a0<b>Mar de China Oriental<\/b>.<\/p>\n<p>&nbsp;<\/p>\n<p class=\"paragraph\">El archipi\u00e9lago japon\u00e9s, y en particular la cadena de islas\u00a0<b>Nansei<\/b>, que se extiende desde<\/p>\n<p class=\"paragraph\">\u00a0<b>Kyushu\u00a0<\/b>hasta\u00a0<b>Taiw\u00e1n <\/b>parece formar una muralla.<\/p>\n<p>&nbsp;<\/p>\n<p class=\"paragraph\">El mapa sugiere que las ambiciones de <b>China<\/b>\u00a0de desempe\u00f1ar un papel m\u00e1s importante en el mundo<\/p>\n<p class=\"paragraph\">pasan por\u00a0<b>Jap\u00f3n<\/b>.<\/p>\n<p>&nbsp;<\/p>\n<p class=\"paragraph\">En los \u00faltimos a\u00f1os, esta precaria posici\u00f3n ha animado a\u00a0<b>Jap\u00f3n\u00a0<\/b>a hacer m\u00e1s para garantizar su seguridad.<\/p>\n<p class=\"paragraph\">Cuando el difunto\u00a0<b>Abe Shinzo\u00a0<\/b>era primer ministro,\u00a0<b>Jap\u00f3n\u00a0<\/b>reforz\u00f3 sus\u00a0<b>Fuerzas de Autodefensa\u00a0<\/b>(SDF)<\/p>\n<p class=\"paragraph\">-como se denominan sus fuerzas armadas, en deferencia a su constituci\u00f3n pacifista- y flexibiliz\u00f3 las leyes<\/p>\n<p class=\"paragraph\">que limitan su capacidad para usar la fuerza.<\/p>\n<p>&nbsp;<\/p>\n<p class=\"paragraph\">Sin embargo, estas medidas han sido graduales y controvertidas.<\/p>\n<p class=\"paragraph\">A muchos japoneses les preocupaba la posibilidad de volver al militarismo.<\/p>\n<p>&nbsp;<\/p>\n<p class=\"paragraph\">Los cambios se han acelerado en el \u00faltimo a\u00f1o.<\/p>\n<p class=\"paragraph\">En diciembre, el gobierno actualiz\u00f3 su\u00a0<b>Estrategia de Seguridad Nacional\u00a0<\/b>y dos importantes<\/p>\n<p class=\"paragraph\">marcos de pol\u00edtica de defensa.<\/p>\n<p>&nbsp;<\/p>\n<p class=\"paragraph\">\u00a0<b>Jap\u00f3n\u00a0<\/b>gastar\u00e1 mucho m\u00e1s en defensa y adquirir\u00e1 nuevas y potentes armas.<\/p>\n<p class=\"paragraph\">La beligerancia de\u00a0<b>China<\/b>, bajo el mandato de\u00a0<b>Xi Jinping<\/b>, ha contribuido a impulsar esta tendencia.<\/p>\n<p class=\"paragraph\">Pero la invasi\u00f3n de\u00a0<b>Ucrania\u00a0<\/b>por\u00a0<b>Vladimir Putin\u00a0<\/b>ha desempe\u00f1ado un papel m\u00e1s importante.<\/p>\n<p>&nbsp;<\/p>\n<p class=\"paragraph\">\u201cEl supuesto b\u00e1sico durante a\u00f1os fue que no tendr\u00edamos que librar una guerra\u201d, afirma\u00a0<b>Sasae Kenichiro<\/b><\/p>\n<p class=\"paragraph\">un antiguo diplom\u00e1tico que presidi\u00f3 un consejo asesor sobre las nuevas pol\u00edticas de seguridad.<\/p>\n<p class=\"paragraph\">\u201cAhora, por primera vez, <b>los japoneses perciben la posibilidad de un conflicto armado en esta regi\u00f3n<\/b><\/p>\n<p class=\"paragraph\"><b> y se preguntan qu\u00e9 significa para Jap\u00f3n<\/b>\u201d.<\/p>\n<p>&nbsp;<\/p>\n<p class=\"paragraph\">Los cambios en la opini\u00f3n p\u00fablica han permitido al Gobierno tomar medidas que eran tab\u00fa hace s\u00f3lo unos a\u00f1os.<\/p>\n<p class=\"paragraph\"><b>Mantener el gasto en defensa en torno al 1% del PIB ha sido una norma informal pero inviolable<\/b><\/p>\n<p class=\"paragraph\"><b> desde 1976<\/b>.<\/p>\n<p>&nbsp;<\/p>\n<p class=\"paragraph\">Ahora\u00a0<b>Jap\u00f3n\u00a0<\/b>planea aumentar el gasto al <strong>2% del PIB<\/strong> para 2028, y desembolsar <strong>43.000 millones de yenes<\/strong><\/p>\n<p class=\"paragraph\"><strong>(326.000 millones de d\u00f3lares)<\/strong> adicionales en los pr\u00f3ximos cinco a\u00f1os.<\/p>\n<p>&nbsp;<\/p>\n<p class=\"paragraph\">Los dirigentes japoneses se han abstenido durante mucho tiempo de adquirir misiles de largo alcance, a pesar de que el<\/p>\n<p class=\"paragraph\">gobierno concluy\u00f3, all\u00e1 por <strong>1956,<\/strong> que hacerlo no infringir\u00eda la constituci\u00f3n.<\/p>\n<p>&nbsp;<\/p>\n<p class=\"paragraph\">Ahora\u00a0<b>Jap\u00f3n\u00a0<\/b>planea comprar cientos de misiles de crucero a\u00a0<b>Estados Unidos\u00a0<\/b>y desarrollar sus propios misiles de<\/p>\n<p class=\"paragraph\">largo alcance.<\/p>\n<p class=\"paragraph\">Mientras que las reformas de\u00a0<b>Abe\u00a0<\/b>sacaron a decenas de miles de personas a protestar.<\/p>\n<p class=\"paragraph\"><b>los \u00faltimos cambios han atra\u00eddo el apoyo de la mayor\u00eda de los japoneses en las encuestas<\/b>.<\/p>\n<p>&nbsp;<\/p>\n<p class=\"paragraph\">La guerra en\u00a0<b>Ucrania\u00a0<\/b>ha empujado a\u00a0<b>Jap\u00f3n\u00a0<\/b>a pensar m\u00e1s en lo que supondr\u00eda un combate.<\/p>\n<p class=\"paragraph\">\u201c<b>Putin lo hizo, \u00bfpor qu\u00e9 no Xi?<\/b>\u201d, dice un alto funcionario japon\u00e9s.<\/p>\n<p class=\"paragraph\">\u201c<b>Los dictadores no siempre son racionales<\/b>\u201d.<\/p>\n<p>&nbsp;<\/p>\n<p class=\"paragraph\"><b>Jap\u00f3n\u00a0<\/b>planea gastar gran parte de su nuevo dinero para defensa en abastecerse de piezas y munici\u00f3n, as\u00ed como<\/p>\n<p class=\"paragraph\">en endurecer las instalaciones militares contra misiles.<\/p>\n<p>&nbsp;<\/p>\n<p class=\"paragraph\">El\u00a0<b>SDF<\/b>\u00a0tambi\u00e9n espera ponerse al d\u00eda en ciberguerra, donde est\u00e1 rezagado.<\/p>\n<p class=\"paragraph\">Los funcionarios creen que\u00a0<b>Jap\u00f3n\u00a0<\/b>no resistir\u00eda el tipo de ataque cibern\u00e9tico al que se ha enfrentado\u00a0<b>Ucrania<\/b><\/p>\n<p class=\"paragraph\">seg\u00fan se informa, planean cuadruplicar el tama\u00f1o de las fuerzas cibern\u00e9ticas de <b>Jap\u00f3n\u00a0<\/b>para 2028, hasta unas<\/p>\n<p class=\"paragraph\"><strong>4.000 personas<\/strong>.<\/p>\n<p>&nbsp;<\/p>\n<p class=\"paragraph\">El\u00a0<b>SDF\u00a0<\/b>adaptar\u00e1 su estructura de mando estableciendo un cuartel general conjunto con una \u00fanica figura responsable<\/p>\n<p class=\"paragraph\">de supervisar las fuerzas de tierra, aire y tierra.<\/p>\n<p>&nbsp;<\/p>\n<p class=\"paragraph\">Todo esto ha hecho las delicias de los responsables de la pol\u00edtica exterior estadounidense.<\/p>\n<p class=\"paragraph\">\u201cPocas veces he sentido tanta euforia por la celebraci\u00f3n de la relaci\u00f3n entre Estados Unidos y Jap\u00f3n\u201d<\/p>\n<p class=\"paragraph\">dijo entusiasmado<\/p>\n<p class=\"paragraph\">\u00a0<b>Kurt Campbell<\/b>, que supervisa los asuntos del<b>\u00a0Indo-Pac\u00edfico en la Casa Blanca<\/b>, despu\u00e9s de que<\/p>\n<p>&nbsp;<\/p>\n<p class=\"paragraph\">\u00a0<b>Kishida Fumio<\/b>, el primer ministro japon\u00e9s, se reuniera con\u00a0<b>Joe Biden\u00a0<\/b>el 13 de enero.<\/p>\n<p class=\"paragraph\">Para los planificadores estadounidenses, el tama\u00f1o, el peso econ\u00f3mico, la geograf\u00eda estrat\u00e9gica<\/p>\n<p class=\"paragraph\">y el potencial militar de\u00a0<b>Jap\u00f3n\u00a0<\/b>lo convierten en el <b>aliado m\u00e1s importante del Indo-Pac\u00edfico\u00a0<\/b><\/p>\n<p class=\"paragraph\">a la hora de contrarrestar a\u00a0<b>China<\/b>.<\/p>\n<p>&nbsp;<\/p>\n<p class=\"paragraph\">En particular,\u00a0<b>Jap\u00f3n\u00a0<\/b>se ha convertido en un elemento esencial de los planes norteamericanos para responder a las crisis<\/p>\n<p class=\"paragraph\">en torno a\u00a0<b>Taiw\u00e1n<\/b>.<\/p>\n<p class=\"paragraph\">En la d\u00e9cada de 1990 \u201cnuestra actitud era: bien, lo haremos nosotros mismos\u201d, afirma\u00a0<b>Michael Green<\/b><\/p>\n<p class=\"paragraph\">antiguo alto funcionario estadounidense.<\/p>\n<p class=\"paragraph\">\u201c<b>Esa ya no es la actitud: no podemos hacerlo sin Jap\u00f3n<\/b>\u201d. <strong>(I)<\/strong><\/p>\n<p>&nbsp;<\/p>\n<p>Fuente: evafm.net &#8211; infobae.com<\/p>\n<div class=\"gsp_post_data\" \r\n\t            data-post_type=\"post\" \r\n\t            data-cat=\"general,noticias-internacionales\" \r\n\t            data-modified=\"120\"\r\n\t            data-created=\"1674745069\"\r\n\t            data-title=\"Las fuerzas armadas japonesas se hacen m\u00e1s fuertes\" \r\n\t            data-home=\"https:\/\/www.evafm.net\/sitio\"><\/div>","protected":false},"excerpt":{"rendered":"<p>Pase suficiente tiempo en las bases militares japonesas y en los despachos de los responsables pol\u00edticos y acabar\u00e1 encontr\u00e1ndose con el mismo mapa inusual. &nbsp; Representa Asia Oriental\u00a0girada 90 grados en sentido contrario a las agujas del reloj, como para mostrar la regi\u00f3n desde la perspectiva de\u00a0Beijing, mirando a trav\u00e9s del\u00a0Mar de China Oriental. &nbsp;&#8230;<\/p>\n","protected":false},"author":5,"featured_media":72291,"comment_status":"closed","ping_status":"open","sticky":false,"template":"","format":"standard","meta":{"_joinchat":[],"footnotes":""},"categories":[1720,1345],"tags":[],"class_list":["post-72290","post","type-post","status-publish","format-standard","has-post-thumbnail","hentry","category-general","category-noticias-internacionales","have-post-thumb"],"_links":{"self":[{"href":"https:\/\/www.evafm.net\/sitio\/wp-json\/wp\/v2\/posts\/72290","targetHints":{"allow":["GET"]}}],"collection":[{"href":"https:\/\/www.evafm.net\/sitio\/wp-json\/wp\/v2\/posts"}],"about":[{"href":"https:\/\/www.evafm.net\/sitio\/wp-json\/wp\/v2\/types\/post"}],"author":[{"embeddable":true,"href":"https:\/\/www.evafm.net\/sitio\/wp-json\/wp\/v2\/users\/5"}],"replies":[{"embeddable":true,"href":"https:\/\/www.evafm.net\/sitio\/wp-json\/wp\/v2\/comments?post=72290"}],"version-history":[{"count":1,"href":"https:\/\/www.evafm.net\/sitio\/wp-json\/wp\/v2\/posts\/72290\/revisions"}],"predecessor-version":[{"id":72292,"href":"https:\/\/www.evafm.net\/sitio\/wp-json\/wp\/v2\/posts\/72290\/revisions\/72292"}],"wp:featuredmedia":[{"embeddable":true,"href":"https:\/\/www.evafm.net\/sitio\/wp-json\/wp\/v2\/media\/72291"}],"wp:attachment":[{"href":"https:\/\/www.evafm.net\/sitio\/wp-json\/wp\/v2\/media?parent=72290"}],"wp:term":[{"taxonomy":"category","embeddable":true,"href":"https:\/\/www.evafm.net\/sitio\/wp-json\/wp\/v2\/categories?post=72290"},{"taxonomy":"post_tag","embeddable":true,"href":"https:\/\/www.evafm.net\/sitio\/wp-json\/wp\/v2\/tags?post=72290"}],"curies":[{"name":"wp","href":"https:\/\/api.w.org\/{rel}","templated":true}]}}