{"id":72306,"date":"2023-01-27T14:40:50","date_gmt":"2023-01-27T19:40:50","guid":{"rendered":"https:\/\/www.evafm.net\/sitio\/?p=72306"},"modified":"2023-01-27T14:40:50","modified_gmt":"2023-01-27T19:40:50","slug":"la-oms-se-reune-para-definir-si-el-covid-19-es-una-emergencia","status":"publish","type":"post","link":"https:\/\/www.evafm.net\/sitio\/la-oms-se-reune-para-definir-si-el-covid-19-es-una-emergencia\/","title":{"rendered":"La OMS se re\u00fane para definir si el COVID-19 es una emergencia"},"content":{"rendered":"<p class=\"paragraph\">La\u00a0<b>Organizaci\u00f3n Mundial de la Salud<\/b>\u00a0(OMS) convoc\u00f3 para <strong>este viernes la 14\u00aa<\/strong> reuni\u00f3n del<\/p>\n<p class=\"paragraph\">Comit\u00e9 de Emergencia por la pandemia de\u00a0<b>COVID-19<\/b>, donde, tal y como anunci\u00f3 el martes<\/p>\n<p class=\"paragraph\">el director general de la Organizaci\u00f3n, <strong>Tedros Adhanom Ghebreyesus<\/strong><\/p>\n<p class=\"paragraph\"><b>debatir\u00e1n si la situaci\u00f3n actual del COVID-19<\/b><\/p>\n<p class=\"paragraph\"><b> \u201csigue constituyendo una emergencia de salud p\u00fablica\u201d.<\/b><\/p>\n<p>&nbsp;<\/p>\n<p class=\"paragraph\">Por tanto, tras la reuni\u00f3n, convocada en virtud del\u00a0<b>Reglamento Sanitario Internacional\u00a0<\/b>(RSI 2005)<\/p>\n<p class=\"paragraph\">el <b>Comit\u00e9 de Emergencia<\/b>\u00a0informar\u00e1 al Director General de la OMS sobre si la pandemia de<strong> COVID-19 <\/strong><\/p>\n<p class=\"paragraph\">todav\u00eda constituye una Emergencia de Salud P\u00fablica de Preocupaci\u00f3n Internacional <strong>(ESPI).<\/strong><\/p>\n<p>&nbsp;<\/p>\n<p class=\"paragraph\">El Comit\u00e9 de Emergencia tambi\u00e9n\u00a0<b>emitir\u00e1 recomendaciones temporales\u00a0<\/b>a la OMS y sus Estados miembros.<\/p>\n<p class=\"paragraph\">Asimismo, tras finalizar la reuni\u00f3n se compartir\u00e1 con los medios de comunicaci\u00f3n un comunicado.<\/p>\n<p>&nbsp;<\/p>\n<p class=\"paragraph\">El Comit\u00e9 de Emergencia del RSI para<b>\u00a0el COVID-19 celebr\u00f3 su primera reuni\u00f3n los d\u00edas 22 y 23 de enero de<\/b><\/p>\n<p class=\"paragraph\"><b> 2020<\/b>.<\/p>\n<p class=\"paragraph\">El 30 de enero de 2020, luego de su segunda reuni\u00f3n, el Comit\u00e9 inform\u00f3 al Director General que el brote de <strong>COVID-19 <\/strong><\/p>\n<p class=\"paragraph\">constitu\u00eda una emergencia de salud p\u00fablica de alcance internacional.<\/p>\n<p>&nbsp;<\/p>\n<p class=\"paragraph\">El director general acept\u00f3 el consejo del Comit\u00e9 de Emergencia y declar\u00f3 la enfermedad como una ESPI el 30 de enero de 2020.<\/p>\n<p class=\"paragraph\">El Comit\u00e9 contin\u00faa reuni\u00e9ndose, como lo requiere el <strong>RSI de 2005,<\/strong> cada 3 meses para revisar si la<strong> COVID-19 <\/strong><\/p>\n<p class=\"paragraph\">todav\u00eda constituye una ESPI y para revisar y reemitir recomendaciones temporales.<\/p>\n<p>&nbsp;<\/p>\n<p class=\"paragraph\">\u201cCasi exactamente tres a\u00f1os despu\u00e9s de declarar una Emergencia de Salud P\u00fablica de Preocupaci\u00f3n Internacional<\/p>\n<p class=\"paragraph\">nuestro m\u00e1ximo nivel de alerta, el Comit\u00e9 de Emergencia sobre Covid-19 se reunir\u00e1 para debatir si la situaci\u00f3n actual<\/p>\n<p class=\"paragraph\">sigue constituyendo una emergencia global\u201d, anunciaba Tedros en rueda de prensa el pasado martes.<\/p>\n<p>&nbsp;<\/p>\n<p class=\"paragraph\">Tedros advirti\u00f3 que se produjo un\u00a0<b>aumento de las muertes<\/b>\u00a0por esta enfermedad recientemente.<\/p>\n<p class=\"paragraph\">En total, en las \u00faltimas ocho semanas,\u00a0<b>m\u00e1s de 170.000 personas murieron por Covid-19<\/b>.<\/p>\n<p>&nbsp;<\/p>\n<p class=\"paragraph\">\u201cEso son solo las muertes notificadas; el n\u00famero real de muertes es mucho mayor<\/p>\n<p class=\"paragraph\">. Aunque no voy a adelantarme a los consejos del Comit\u00e9 de Emergencia, sigo muy preocupado por la situaci\u00f3n<\/p>\n<p class=\"paragraph\">en muchos pa\u00edses y el creciente n\u00famero de muertes\u201d, a\u00f1adi\u00f3.<\/p>\n<p class=\"paragraph\">Aunque reconoci\u00f3 que la coyuntura actual es \u201cclaramente mejor\u201d que la de hace tres a\u00f1os<\/p>\n<p class=\"paragraph\">\u201ccuando esta pandemia golpe\u00f3 por primera vez\u201d, puso de relieve que <b>la respuesta colectiva mundial <\/b><\/p>\n<p class=\"paragraph\"><b>\u201cest\u00e1 de nuevo bajo presi\u00f3n<\/b>\u201d. <strong>(I)<\/strong><\/p>\n<p>&nbsp;<\/p>\n<p>Fuente: evafm.net &#8211; infobae.com<\/p>\n<div class=\"gsp_post_data\" \r\n\t            data-post_type=\"post\" \r\n\t            data-cat=\"general,noticias-internacionales\" \r\n\t            data-modified=\"120\"\r\n\t            data-created=\"1674830450\"\r\n\t            data-title=\"La OMS se re\u00fane para definir si el COVID-19 es una emergencia\" \r\n\t            data-home=\"https:\/\/www.evafm.net\/sitio\"><\/div>","protected":false},"excerpt":{"rendered":"<p>La\u00a0Organizaci\u00f3n Mundial de la Salud\u00a0(OMS) convoc\u00f3 para este viernes la 14\u00aa reuni\u00f3n del Comit\u00e9 de Emergencia por la pandemia de\u00a0COVID-19, donde, tal y como anunci\u00f3 el martes el director general de la Organizaci\u00f3n, Tedros Adhanom Ghebreyesus debatir\u00e1n si la situaci\u00f3n actual del COVID-19 \u201csigue constituyendo una emergencia de salud p\u00fablica\u201d. &nbsp; Por tanto, tras la&#8230;<\/p>\n","protected":false},"author":5,"featured_media":72307,"comment_status":"closed","ping_status":"open","sticky":false,"template":"","format":"standard","meta":{"_joinchat":[],"footnotes":""},"categories":[1720,1345],"tags":[],"class_list":["post-72306","post","type-post","status-publish","format-standard","has-post-thumbnail","hentry","category-general","category-noticias-internacionales","have-post-thumb"],"_links":{"self":[{"href":"https:\/\/www.evafm.net\/sitio\/wp-json\/wp\/v2\/posts\/72306","targetHints":{"allow":["GET"]}}],"collection":[{"href":"https:\/\/www.evafm.net\/sitio\/wp-json\/wp\/v2\/posts"}],"about":[{"href":"https:\/\/www.evafm.net\/sitio\/wp-json\/wp\/v2\/types\/post"}],"author":[{"embeddable":true,"href":"https:\/\/www.evafm.net\/sitio\/wp-json\/wp\/v2\/users\/5"}],"replies":[{"embeddable":true,"href":"https:\/\/www.evafm.net\/sitio\/wp-json\/wp\/v2\/comments?post=72306"}],"version-history":[{"count":1,"href":"https:\/\/www.evafm.net\/sitio\/wp-json\/wp\/v2\/posts\/72306\/revisions"}],"predecessor-version":[{"id":72308,"href":"https:\/\/www.evafm.net\/sitio\/wp-json\/wp\/v2\/posts\/72306\/revisions\/72308"}],"wp:featuredmedia":[{"embeddable":true,"href":"https:\/\/www.evafm.net\/sitio\/wp-json\/wp\/v2\/media\/72307"}],"wp:attachment":[{"href":"https:\/\/www.evafm.net\/sitio\/wp-json\/wp\/v2\/media?parent=72306"}],"wp:term":[{"taxonomy":"category","embeddable":true,"href":"https:\/\/www.evafm.net\/sitio\/wp-json\/wp\/v2\/categories?post=72306"},{"taxonomy":"post_tag","embeddable":true,"href":"https:\/\/www.evafm.net\/sitio\/wp-json\/wp\/v2\/tags?post=72306"}],"curies":[{"name":"wp","href":"https:\/\/api.w.org\/{rel}","templated":true}]}}