{"id":72312,"date":"2023-01-28T16:24:11","date_gmt":"2023-01-28T21:24:11","guid":{"rendered":"https:\/\/www.evafm.net\/sitio\/?p=72312"},"modified":"2023-01-28T16:24:11","modified_gmt":"2023-01-28T21:24:11","slug":"kate-del-castillo-nos-habla-sobre-volver-a-caer","status":"publish","type":"post","link":"https:\/\/www.evafm.net\/sitio\/kate-del-castillo-nos-habla-sobre-volver-a-caer\/","title":{"rendered":"Kate del Castillo nos habla sobre \u00abVolver a caer\u00bb"},"content":{"rendered":"<p class=\"paragraph\">\u201cQuer\u00eda hablar de personajes tridimensionales,\u00a0<b>que tienen un principio y terminan completamente diferente<\/b><\/p>\n<p class=\"paragraph\">\u00a0a como empezaron, no son\u00a0<i>flat<\/i>\u201d, cuenta\u00a0<b>Kate del Castillo<\/b>\u00a0sobre\u00a0<i>Volver a caer<\/i>, la serie de reci\u00e9n estreno<\/p>\n<p class=\"paragraph\">en la plataforma de<strong>\u00a0<i>streaming<\/i>\u00a0<i>ViX+<\/i>,<\/strong> que\u00a0<b>protagoniza y marca su debut como productora ejecutiva<\/b><\/p>\n<p class=\"paragraph\">\u00a0junto con sus socias de\u00a0<strong><i>Cholawood Productions<\/i>\u00a0y\u00a0<i>Endemol Shine Boomdog<\/i>.<\/strong><\/p>\n<p>&nbsp;<\/p>\n<p class=\"paragraph\">Se trata de\u00a0<b>una adaptaci\u00f3n a la actualidad y en el contexto mexicano<\/b>\u00a0del cl\u00e1sico de la literatura universal<\/p>\n<p class=\"paragraph\"><i><b>Anna Kar\u00e9nina<\/b><\/i>, que aunque fue escrita por\u00a0<b>Le\u00f3n Tolst\u00f3i<\/b> en el siglo XIX<\/p>\n<p class=\"paragraph\">la reflexi\u00f3n que propone en torno a tab\u00faes de aquella \u00e9poca que en nuestros d\u00edas mantienen una vigencia, quiso destacar<\/p>\n<p class=\"paragraph\">la reconocida actriz.<\/p>\n<div class=\"teads-adCall\"><\/div>\n<p class=\"paragraph\">\u201cSi no conocen\u00a0<strong><i>Anna Kar\u00e9nina<\/i>\u00a0s<\/strong>e van a encontrar con una serie atractiva, es casi conocerse a uno mismo, cada personaje<\/p>\n<p class=\"paragraph\">es arquetipo,\u00a0<b>yo s\u00e9 que se escribi\u00f3 en 1878, pero sigue siendo tan vigente como la vida misma<\/b>\u201d<\/p>\n<p class=\"paragraph\">cuenta Kate para <i><b>Infobae M\u00e9xico<\/b><\/i> desde Los \u00c1ngeles, California<\/p>\n<p>&nbsp;<\/p>\n<p class=\"paragraph\">sobre la serie de seis cap\u00edtulos que narra la historia de <strong>\u201cAna Montes de Oca\u201d,<\/strong> una clavadista ol\u00edmpica retirada que en medio<\/p>\n<p class=\"paragraph\">de su aparentemente s\u00f3lido matrimonio se enamora de otro hombre<\/p>\n<p class=\"paragraph\"><b>desafiando las convenciones sociales<\/b>\u00a0y los se\u00f1alamientos de su familia.<\/p>\n<p>&nbsp;<\/p>\n<p class=\"paragraph\">Van a encontrarse con temas de discusi\u00f3n como\u00a0<b>la infidelidad, tanto de hombre como de mujer, bulimia, depresi\u00f3n <\/b><\/p>\n<p class=\"paragraph\"><b>post parto, abrir las relaciones<\/b><\/p>\n<p class=\"paragraph\">que a veces eso funciona para unas parejas y para otras no.<\/p>\n<p class=\"paragraph\">Tiene valores de producci\u00f3n, actores maravillosos, una historia del maravilloso Tolst\u00f3i, no hay por d\u00f3nde ir mal\u201d<\/p>\n<p class=\"paragraph\">cuenta orgullosa del proyecto que la enamor\u00f3 desde que la filial australiana de su casa productora asociada<\/p>\n<p class=\"paragraph\"><b>le hizo llegar el formato del cual despu\u00e9s compr\u00f3 los derechos para producirla.<\/b><\/p>\n<p>&nbsp;<\/p>\n<p class=\"paragraph\">\u201cYo le\u00ed el libro hace much\u00edsimos a\u00f1os y cuando vi la serie, el formato australiano que me mandaron nuestros socios de\u00a0<strong><i>Endemol<\/i><\/strong><\/p>\n<p class=\"paragraph\">\u00a0yo no sab\u00eda,\u00a0<b>no le\u00ed que estaba basada en\u00a0<\/b><i><b>Anna Kar\u00e9nina<\/b><\/i><b>, por ac\u00e1 ni me pas\u00f3 <\/b>ten\u00eda siglos sin haberla le\u00eddo.<\/p>\n<p>&nbsp;<\/p>\n<p class=\"paragraph\">Cuando dije \u2018eso es lo que yo quiero hacer\u2019, dije \u2018claro, es <i>Anna Kar\u00e9nina<\/i>\u201d, cuenta sobre la serie cuyo elenco principal completan<\/p>\n<p class=\"paragraph\">los espa\u00f1oles\u00a0<b>Maxi Iglesias\u00a0<\/b>y\u00a0<b>Rub\u00e9n Zamora<\/b>;\u00a0<b>Edwarda Gurrola<\/b>,\u00a0<b>Mart\u00edn Altomaro<\/b>\u00a0y\u00a0<b>Daniel Tovar<\/b>.<\/p>\n<p>&nbsp;<\/p>\n<p>Tras una trayectoria desde 1991 en telenovelas y cine nacional, y luego de participar desde 2007 en la industria estadounidense<\/p>\n<p>con proyectos como<\/p>\n<p><i>La reina del sur<\/i>\u00a0(en tres temporadas desde 2011) y\u00a0<i>No Good Deed<\/i>\u00a0(2014), Kate particip\u00f3 en la serie mexicana\u00a0<i>Ingobernable<\/i><\/p>\n<p>pero gracias a <i><b>Volver a caer<\/b><\/i>, la hoy productora se siente feliz de haber desarrollado desde el inicio un proyecto<\/p>\n<p><strong>\u201c100% mexicano\u201d.<\/strong><\/p>\n<p>&nbsp;<\/p>\n<p>\u201cFueron seis semanas de rodaje; estuvimos cinco semanas y media en <strong>Ciudad de M\u00e9xico<\/strong> y una semana en <strong>Tlaxcala<\/strong><\/p>\n<p>as\u00ed que es 100% mexicana y <b>estoy muy orgullosa de poder regresar y pararme el cuello<\/b><\/p>\n<p>diciendo que fui a M\u00e9xico con una producci\u00f3n m\u00eda a este nivel y para m\u00ed es muy importante\u201d, comparte sonriente la artista<\/p>\n<p>que considera estar en un momento de madurez creativa en su carrera. <strong>(I)<\/strong><\/p>\n<p>&nbsp;<\/p>\n<p><img decoding=\"async\" src=\"https:\/\/culturacolectiva-cultura-colectiva-prod.cdn.arcpublishing.com\/resizer\/CASaGefWlSzAZpHdVWhgmQcpG5A=\/600x450\/filters:format(jpg):quality(70)\/cloudfront-us-east-1.images.arcpublishing.com\/culturacolectiva\/GQV2XY63RZH7FGDY3K6E65TFME.jpg\" alt=\"Kate del Castillo nos habla de 'Volver a Caer', serie inspirada en Anna  Karenina\" \/><\/p>\n<p>&nbsp;<\/p>\n<p>&nbsp;<\/p>\n<p><img fetchpriority=\"high\" decoding=\"async\" class=\"\" src=\"https:\/\/cloudfront-us-east-1.images.arcpublishing.com\/infobae\/2XAYZJ42OVDZNMGX37LJGZ73CQ.jpg\" alt=\"Un tri\u00e1ngulo amoroso lleno de conflicto es parte de la trama de Volver a caer, donde se toca tambi\u00e9n la bulimia y la depresi\u00f3n post parto (Foto: ViX+)\" width=\"629\" height=\"420\" \/><\/p>\n<p>Un tri\u00e1ngulo amoroso lleno de conflicto es parte de la trama de Volver a caer, donde<\/p>\n<p>se toca tambi\u00e9n la bulimia y la depresi\u00f3n post parto (Foto: ViX+)<\/p>\n<p>&nbsp;<\/p>\n<p><img decoding=\"async\" class=\"\" src=\"https:\/\/cloudfront-us-east-1.images.arcpublishing.com\/infobae\/GK5MOH4XC5CQFANBATDLYRLTGM.jpg\" alt=\"En Volver a caer, &quot;Ana Montes de Oca&quot; ve trastocada su estabilidad familiar y emocional tras enamorarse de un hombre fuera de su matrimonio, aparentemente estable (Foto: ViX+)\" width=\"609\" height=\"914\" \/><\/p>\n<p>En Volver a caer, \u00abAna Montes de Oca\u00bb ve trastocada su estabilidad familiar y emocional<\/p>\n<p>tras enamorarse de un hombre fuera de su matrimonio, aparentemente estable (Foto: ViX+)<\/p>\n<p>&nbsp;<\/p>\n<p>Fuente: evafm.net &#8211; infobae.com<\/p>\n<div class=\"gsp_post_data\" \r\n\t            data-post_type=\"post\" \r\n\t            data-cat=\"espectaculos,general\" \r\n\t            data-modified=\"120\"\r\n\t            data-created=\"1674923051\"\r\n\t            data-title=\"Kate del Castillo nos habla sobre \u00abVolver a caer\u00bb\" \r\n\t            data-home=\"https:\/\/www.evafm.net\/sitio\"><\/div>","protected":false},"excerpt":{"rendered":"<p>\u201cQuer\u00eda hablar de personajes tridimensionales,\u00a0que tienen un principio y terminan completamente diferente \u00a0a como empezaron, no son\u00a0flat\u201d, cuenta\u00a0Kate del Castillo\u00a0sobre\u00a0Volver a caer, la serie de reci\u00e9n estreno en la plataforma de\u00a0streaming\u00a0ViX+, que\u00a0protagoniza y marca su debut como productora ejecutiva \u00a0junto con sus socias de\u00a0Cholawood Productions\u00a0y\u00a0Endemol Shine Boomdog. &nbsp; Se trata de\u00a0una adaptaci\u00f3n a la actualidad&#8230;<\/p>\n","protected":false},"author":5,"featured_media":72314,"comment_status":"closed","ping_status":"open","sticky":false,"template":"","format":"standard","meta":{"_joinchat":[],"footnotes":""},"categories":[4,1720],"tags":[],"class_list":["post-72312","post","type-post","status-publish","format-standard","has-post-thumbnail","hentry","category-espectaculos","category-general","have-post-thumb"],"_links":{"self":[{"href":"https:\/\/www.evafm.net\/sitio\/wp-json\/wp\/v2\/posts\/72312","targetHints":{"allow":["GET"]}}],"collection":[{"href":"https:\/\/www.evafm.net\/sitio\/wp-json\/wp\/v2\/posts"}],"about":[{"href":"https:\/\/www.evafm.net\/sitio\/wp-json\/wp\/v2\/types\/post"}],"author":[{"embeddable":true,"href":"https:\/\/www.evafm.net\/sitio\/wp-json\/wp\/v2\/users\/5"}],"replies":[{"embeddable":true,"href":"https:\/\/www.evafm.net\/sitio\/wp-json\/wp\/v2\/comments?post=72312"}],"version-history":[{"count":1,"href":"https:\/\/www.evafm.net\/sitio\/wp-json\/wp\/v2\/posts\/72312\/revisions"}],"predecessor-version":[{"id":72315,"href":"https:\/\/www.evafm.net\/sitio\/wp-json\/wp\/v2\/posts\/72312\/revisions\/72315"}],"wp:featuredmedia":[{"embeddable":true,"href":"https:\/\/www.evafm.net\/sitio\/wp-json\/wp\/v2\/media\/72314"}],"wp:attachment":[{"href":"https:\/\/www.evafm.net\/sitio\/wp-json\/wp\/v2\/media?parent=72312"}],"wp:term":[{"taxonomy":"category","embeddable":true,"href":"https:\/\/www.evafm.net\/sitio\/wp-json\/wp\/v2\/categories?post=72312"},{"taxonomy":"post_tag","embeddable":true,"href":"https:\/\/www.evafm.net\/sitio\/wp-json\/wp\/v2\/tags?post=72312"}],"curies":[{"name":"wp","href":"https:\/\/api.w.org\/{rel}","templated":true}]}}