{"id":72316,"date":"2023-01-28T16:29:54","date_gmt":"2023-01-28T21:29:54","guid":{"rendered":"https:\/\/www.evafm.net\/sitio\/?p=72316"},"modified":"2023-01-28T16:29:54","modified_gmt":"2023-01-28T21:29:54","slug":"shakira-estara-en-el-museo-de-los-grammy","status":"publish","type":"post","link":"https:\/\/www.evafm.net\/sitio\/shakira-estara-en-el-museo-de-los-grammy\/","title":{"rendered":"Shakira estar\u00e1 en el Museo de los Grammy"},"content":{"rendered":"<p>A lo largo de su historia como artista,\u00a0<b>Shakira\u00a0<\/b>ha presentado m\u00e1s de una decena de \u00e1lbumes de estudio<\/p>\n<p>entre los que se encuentran\u00a0<i>Fijaci\u00f3n Oral, Servicio de lavander\u00eda\u00a0<\/i>y\u00a0<i>Pies descalzos<\/i><\/p>\n<p><i> <\/i>con diferentes composiciones musicales que la han llevado a gozar de su reconocimiento internacional<\/p>\n<p>con canciones entre las que destacan\u00a0<i>La Tortura\u00a0<\/i>junto a\u00a0<b>Alejandro Sanz,\u00a0<\/b><i>\u00bfD\u00f3nde est\u00e1s coraz\u00f3n?<\/i><\/p>\n<p><i> D\u00eda de enero, Las de la intuici\u00f3n, <\/i>entre otros temas.<\/p>\n<p>&nbsp;<\/p>\n<p>Recientemente, se conoci\u00f3 que la colombiana recibir\u00e1 un homenaje por parte de la\u00a0<b>Academia de los Grammy\u00a0<\/b><\/p>\n<p>con una exposici\u00f3n interactiva en el museo de la reconocida organizaci\u00f3n musical y que tendr\u00e1 por nombre<\/p>\n<p><b>\u2018Shakira, Shakira: The GRAMMY Museum Experience\u2019<\/b><\/p>\n<p><b> <\/b>con la cual se busca resaltar la vida y obra de la barranquillera, que ha llevado por varias d\u00e9cadas orgullosa<\/p>\n<p>el nombre de Colombia a cada escenario que ha pisado.<\/p>\n<p>&nbsp;<\/p>\n<p>La publicaci\u00f3n se\u00f1ala que la exposici\u00f3n estar\u00e1 abierta al p\u00fablico que quiera conocer la historia de la barranquillera<\/p>\n<p>m\u00e1s famosa a nivel mundial, desde el<b>\u00a04 de marzo\u00a0<\/b>en el museo ubicado en Los \u00c1ngeles, California.<b>\u00a0<\/b><\/p>\n<p>&nbsp;<\/p>\n<p>Adicionalmente, se conoce que esta primera exposici\u00f3n sobre la vida art\u00edstica de\u00a0<b>Shakira\u00a0<\/b>tendr\u00e1 varios elementos interactivos<\/p>\n<p>con los que los visitantes podr\u00e1n tambi\u00e9n apreciar algunos de sus archivos personales, adem\u00e1s, de tres pel\u00edculas originales<\/p>\n<p>un espacio inmersivo inspirado en su gira<b>\u00a0El Dorado\u00a0<\/b>con lo que se convierte en otra de las galer\u00edas permanentes en el museo<\/p>\n<p>de las estrellas musicales. <strong>(E)<\/strong><\/p>\n<p>&nbsp;<\/p>\n<p><img fetchpriority=\"high\" decoding=\"async\" class=\"\" src=\"https:\/\/cloudfront-us-east-1.images.arcpublishing.com\/infobae\/LJRJEWFZ4RG7PLRYDC3GBMYSCI.png\" alt=\"Shakira formar\u00e1 parte dela galer\u00eda permanente del Museo de los Grammy con una galer\u00eda interactiva que rendir\u00e1 homenaje ala artista. @grammymuseum\/Instagram\" width=\"748\" height=\"481\" \/><\/p>\n<p>&nbsp;<\/p>\n<p>Fuente: evafm.net &#8211; infobae.com<\/p>\n<div class=\"gsp_post_data\" \r\n\t            data-post_type=\"post\" \r\n\t            data-cat=\"general,musica-internacional\" \r\n\t            data-modified=\"120\"\r\n\t            data-created=\"1674923394\"\r\n\t            data-title=\"Shakira estar\u00e1 en el Museo de los Grammy\" \r\n\t            data-home=\"https:\/\/www.evafm.net\/sitio\"><\/div>","protected":false},"excerpt":{"rendered":"<p>A lo largo de su historia como artista,\u00a0Shakira\u00a0ha presentado m\u00e1s de una decena de \u00e1lbumes de estudio entre los que se encuentran\u00a0Fijaci\u00f3n Oral, Servicio de lavander\u00eda\u00a0y\u00a0Pies descalzos con diferentes composiciones musicales que la han llevado a gozar de su reconocimiento internacional con canciones entre las que destacan\u00a0La Tortura\u00a0junto a\u00a0Alejandro Sanz,\u00a0\u00bfD\u00f3nde est\u00e1s coraz\u00f3n? D\u00eda de enero,&#8230;<\/p>\n","protected":false},"author":5,"featured_media":72317,"comment_status":"closed","ping_status":"open","sticky":false,"template":"","format":"standard","meta":{"_joinchat":[],"footnotes":""},"categories":[1720,2],"tags":[],"class_list":["post-72316","post","type-post","status-publish","format-standard","has-post-thumbnail","hentry","category-general","category-musica-internacional","have-post-thumb"],"_links":{"self":[{"href":"https:\/\/www.evafm.net\/sitio\/wp-json\/wp\/v2\/posts\/72316","targetHints":{"allow":["GET"]}}],"collection":[{"href":"https:\/\/www.evafm.net\/sitio\/wp-json\/wp\/v2\/posts"}],"about":[{"href":"https:\/\/www.evafm.net\/sitio\/wp-json\/wp\/v2\/types\/post"}],"author":[{"embeddable":true,"href":"https:\/\/www.evafm.net\/sitio\/wp-json\/wp\/v2\/users\/5"}],"replies":[{"embeddable":true,"href":"https:\/\/www.evafm.net\/sitio\/wp-json\/wp\/v2\/comments?post=72316"}],"version-history":[{"count":1,"href":"https:\/\/www.evafm.net\/sitio\/wp-json\/wp\/v2\/posts\/72316\/revisions"}],"predecessor-version":[{"id":72318,"href":"https:\/\/www.evafm.net\/sitio\/wp-json\/wp\/v2\/posts\/72316\/revisions\/72318"}],"wp:featuredmedia":[{"embeddable":true,"href":"https:\/\/www.evafm.net\/sitio\/wp-json\/wp\/v2\/media\/72317"}],"wp:attachment":[{"href":"https:\/\/www.evafm.net\/sitio\/wp-json\/wp\/v2\/media?parent=72316"}],"wp:term":[{"taxonomy":"category","embeddable":true,"href":"https:\/\/www.evafm.net\/sitio\/wp-json\/wp\/v2\/categories?post=72316"},{"taxonomy":"post_tag","embeddable":true,"href":"https:\/\/www.evafm.net\/sitio\/wp-json\/wp\/v2\/tags?post=72316"}],"curies":[{"name":"wp","href":"https:\/\/api.w.org\/{rel}","templated":true}]}}