{"id":72319,"date":"2023-01-28T16:36:27","date_gmt":"2023-01-28T21:36:27","guid":{"rendered":"https:\/\/www.evafm.net\/sitio\/?p=72319"},"modified":"2023-01-28T16:36:27","modified_gmt":"2023-01-28T21:36:27","slug":"jorge-salinas-y-elizabeth-alvarez-estarian-en-crisis-matrimonial","status":"publish","type":"post","link":"https:\/\/www.evafm.net\/sitio\/jorge-salinas-y-elizabeth-alvarez-estarian-en-crisis-matrimonial\/","title":{"rendered":"Jorge Salinas y Elizabeth \u00c1lvarez estar\u00edan en crisis matrimonial"},"content":{"rendered":"<p>El matrimonio entre\u00a0<strong>Jorge Salinas y Elizabeth \u00c1lvarez<\/strong>\u00a0ha estado en medio de la pol\u00e9mica luego de que el actor<\/p>\n<p>fuera visto en una situaci\u00f3n comprometedora con su nutri\u00f3loga.<\/p>\n<p>&nbsp;<\/p>\n<p>Pese a que el gal\u00e1n de telenovelas aclar\u00f3 la supuesta infidelidad, todo parece indicar que<\/p>\n<p><strong>su relaci\u00f3n no est\u00e1 en los mejores momentos<\/strong>.<\/p>\n<p>&nbsp;<\/p>\n<p>Recientemente, Jorge Salinas aclar\u00f3 las fotograf\u00edas donde sal\u00eda d\u00e1ndole un beso a la nutri\u00f3loga Ana Paula y mencion\u00f3 que<\/p>\n<p><strong>su relaci\u00f3n fue solamente profesional.\u00a0<\/strong><\/p>\n<p>Adem\u00e1s, fue claro en decir que no tiene problemas de pareja con <strong>\u00c1lvarez.<\/strong><\/p>\n<p>&nbsp;<\/p>\n<p>Pero durante el programa \u2018En Shock\u2019, Jorge Carbajal contradijo las declaraciones de Salinas, ya que detall\u00f3 que durante un<\/p>\n<p>evento deportivo de uno de sus hijos, ambos<strong>\u00a0llegaron en diferentes momentos y se sentaron separados<\/strong>.<\/p>\n<p>Y aunque en un momento la actriz se sent\u00f3 al lado de su esposo, su actitud fue de\u00a0<strong>indiferencia en todo momento<\/strong><\/p>\n<p>ya que no habr\u00edan siquiera hablado. <strong>(E)<\/strong><\/p>\n<p>&nbsp;<\/p>\n<p>Fuente: evafm.net &#8211; eccxcelsior.com.mx<\/p>\n<div class=\"gsp_post_data\" \r\n\t            data-post_type=\"post\" \r\n\t            data-cat=\"farandula-internacional,general\" \r\n\t            data-modified=\"120\"\r\n\t            data-created=\"1674923787\"\r\n\t            data-title=\"Jorge Salinas y Elizabeth \u00c1lvarez estar\u00edan en crisis matrimonial\" \r\n\t            data-home=\"https:\/\/www.evafm.net\/sitio\"><\/div>","protected":false},"excerpt":{"rendered":"<p>El matrimonio entre\u00a0Jorge Salinas y Elizabeth \u00c1lvarez\u00a0ha estado en medio de la pol\u00e9mica luego de que el actor fuera visto en una situaci\u00f3n comprometedora con su nutri\u00f3loga. &nbsp; Pese a que el gal\u00e1n de telenovelas aclar\u00f3 la supuesta infidelidad, todo parece indicar que su relaci\u00f3n no est\u00e1 en los mejores momentos. &nbsp; Recientemente, Jorge Salinas&#8230;<\/p>\n","protected":false},"author":5,"featured_media":72320,"comment_status":"closed","ping_status":"open","sticky":false,"template":"","format":"standard","meta":{"_joinchat":[],"footnotes":""},"categories":[1346,1720],"tags":[],"class_list":["post-72319","post","type-post","status-publish","format-standard","has-post-thumbnail","hentry","category-farandula-internacional","category-general","have-post-thumb"],"_links":{"self":[{"href":"https:\/\/www.evafm.net\/sitio\/wp-json\/wp\/v2\/posts\/72319","targetHints":{"allow":["GET"]}}],"collection":[{"href":"https:\/\/www.evafm.net\/sitio\/wp-json\/wp\/v2\/posts"}],"about":[{"href":"https:\/\/www.evafm.net\/sitio\/wp-json\/wp\/v2\/types\/post"}],"author":[{"embeddable":true,"href":"https:\/\/www.evafm.net\/sitio\/wp-json\/wp\/v2\/users\/5"}],"replies":[{"embeddable":true,"href":"https:\/\/www.evafm.net\/sitio\/wp-json\/wp\/v2\/comments?post=72319"}],"version-history":[{"count":1,"href":"https:\/\/www.evafm.net\/sitio\/wp-json\/wp\/v2\/posts\/72319\/revisions"}],"predecessor-version":[{"id":72321,"href":"https:\/\/www.evafm.net\/sitio\/wp-json\/wp\/v2\/posts\/72319\/revisions\/72321"}],"wp:featuredmedia":[{"embeddable":true,"href":"https:\/\/www.evafm.net\/sitio\/wp-json\/wp\/v2\/media\/72320"}],"wp:attachment":[{"href":"https:\/\/www.evafm.net\/sitio\/wp-json\/wp\/v2\/media?parent=72319"}],"wp:term":[{"taxonomy":"category","embeddable":true,"href":"https:\/\/www.evafm.net\/sitio\/wp-json\/wp\/v2\/categories?post=72319"},{"taxonomy":"post_tag","embeddable":true,"href":"https:\/\/www.evafm.net\/sitio\/wp-json\/wp\/v2\/tags?post=72319"}],"curies":[{"name":"wp","href":"https:\/\/api.w.org\/{rel}","templated":true}]}}