{"id":75075,"date":"2023-07-29T18:54:03","date_gmt":"2023-07-29T23:54:03","guid":{"rendered":"https:\/\/www.evafm.net\/sitio\/?p=75075"},"modified":"2023-07-29T18:54:03","modified_gmt":"2023-07-29T23:54:03","slug":"liga-de-quito-anuncio-como-nuevo-refuerzo-a-jan-hurtado","status":"publish","type":"post","link":"https:\/\/www.evafm.net\/sitio\/liga-de-quito-anuncio-como-nuevo-refuerzo-a-jan-hurtado\/","title":{"rendered":"Liga de Quito anuncio como nuevo refuerzo a Jan Hurtado"},"content":{"rendered":"<p>Jan Hurtado fue presentado este viernes 28 de julio como flamante delantero de Liga de Quito.<\/p>\n<p>El venezolano llega en condici\u00f3n de pr\u00e9stamo, hasta junio de 2024.<\/p>\n<p>El jugador ten\u00eda previsto llegar a Quito el jueves 27 de julio, a las 10:00, y someterse a los chequeos m\u00e9dicos.<\/p>\n<p>Pero cuestiones personales alteraron la planificaci\u00f3n.<\/p>\n<p>Liga lleg\u00f3 a un acuerdo con Boca Juniors, due\u00f1o de los derechos deportivos de Hurtado, y as\u00ed lo anunci\u00f3 como<\/p>\n<p>su contrataci\u00f3n a trav\u00e9s de redes sociales.<\/p>\n<p>El delantero llega con el tiempo justo a firmar su contrato, por lo que s\u00ed podr\u00e1 inscribirse para la LigaPro<\/p>\n<p>y los octavos de final de la <strong>Copa Sudamericana.<\/strong><\/p>\n<p>El pasado 30 de junio, Jan Hurtado finaliz\u00f3 su pr\u00e9stamo en Brasil y regres\u00f3 a Argentina.<\/p>\n<p>Pero el DT de Boca, Jorge Almir\u00f3n, no lo tiene en cuenta.<\/p>\n<p>Hasta el momento, para la segunda mitad de la temporada 2023,<\/p>\n<p>Liga ha contratado dos refuerzos: <strong>Jefferson Valverde y Paolo Guerrero. (D)<\/strong><\/p>\n<p>&nbsp;<\/p>\n<blockquote class=\"twitter-tweet\" data-width=\"550\" data-dnt=\"true\">\n<p lang=\"es\" dir=\"ltr\"><a href=\"https:\/\/twitter.com\/hashtag\/NuevoGuerreroAlbo?src=hash&amp;ref_src=twsrc%5Etfw\">#NuevoGuerreroAlbo<\/a> \u26aa\ud83d\udd34: Jan Hurtado \ud83c\uddfb\ud83c\uddea<a href=\"https:\/\/twitter.com\/hashtag\/BienvenidoJan?src=hash&amp;ref_src=twsrc%5Etfw\">#BienvenidoJan<\/a> al <a href=\"https:\/\/twitter.com\/hashtag\/ReyDeCopas?src=hash&amp;ref_src=twsrc%5Etfw\">#ReyDeCopas<\/a> \ud83c\uddea\ud83c\udde8 <a href=\"https:\/\/t.co\/2H6CGtnwlJ\">pic.twitter.com\/2H6CGtnwlJ<\/a><\/p>\n<p>&mdash; LDU Oficial (@LDU_Oficial) <a href=\"https:\/\/twitter.com\/LDU_Oficial\/status\/1685070671062212608?ref_src=twsrc%5Etfw\">July 28, 2023<\/a><\/p><\/blockquote>\n<p><script async src=\"https:\/\/platform.twitter.com\/widgets.js\" charset=\"utf-8\"><\/script><\/p>\n<p>&nbsp;<\/p>\n<p>&nbsp;<\/p>\n<p>&nbsp;<\/p>\n<p><img fetchpriority=\"high\" decoding=\"async\" class=\"\" src=\"https:\/\/pbs.twimg.com\/media\/F2KQp1QXEAALoI8?format=jpg&amp;name=large\" alt=\"Imagen\" width=\"519\" height=\"519\" \/><\/p>\n<p>&nbsp;<\/p>\n<p>Fuente: evafm.net &#8211; primicias.ec<\/p>\n<div class=\"gsp_post_data\" \r\n\t            data-post_type=\"post\" \r\n\t            data-cat=\"deportes-ecuador\" \r\n\t            data-modified=\"120\"\r\n\t            data-created=\"1690656843\"\r\n\t            data-title=\"Liga de Quito anuncio como nuevo refuerzo a Jan Hurtado\" \r\n\t            data-home=\"https:\/\/www.evafm.net\/sitio\"><\/div>","protected":false},"excerpt":{"rendered":"<p>Jan Hurtado fue presentado este viernes 28 de julio como flamante delantero de Liga de Quito. El venezolano llega en condici\u00f3n de pr\u00e9stamo, hasta junio de 2024. El jugador ten\u00eda previsto llegar a Quito el jueves 27 de julio, a las 10:00, y someterse a los chequeos m\u00e9dicos. Pero cuestiones personales alteraron la planificaci\u00f3n. Liga&#8230;<\/p>\n","protected":false},"author":5,"featured_media":75076,"comment_status":"closed","ping_status":"open","sticky":false,"template":"","format":"standard","meta":{"_joinchat":[],"footnotes":""},"categories":[1557],"tags":[],"class_list":["post-75075","post","type-post","status-publish","format-standard","has-post-thumbnail","hentry","category-deportes-ecuador","have-post-thumb"],"_links":{"self":[{"href":"https:\/\/www.evafm.net\/sitio\/wp-json\/wp\/v2\/posts\/75075","targetHints":{"allow":["GET"]}}],"collection":[{"href":"https:\/\/www.evafm.net\/sitio\/wp-json\/wp\/v2\/posts"}],"about":[{"href":"https:\/\/www.evafm.net\/sitio\/wp-json\/wp\/v2\/types\/post"}],"author":[{"embeddable":true,"href":"https:\/\/www.evafm.net\/sitio\/wp-json\/wp\/v2\/users\/5"}],"replies":[{"embeddable":true,"href":"https:\/\/www.evafm.net\/sitio\/wp-json\/wp\/v2\/comments?post=75075"}],"version-history":[{"count":1,"href":"https:\/\/www.evafm.net\/sitio\/wp-json\/wp\/v2\/posts\/75075\/revisions"}],"predecessor-version":[{"id":75077,"href":"https:\/\/www.evafm.net\/sitio\/wp-json\/wp\/v2\/posts\/75075\/revisions\/75077"}],"wp:featuredmedia":[{"embeddable":true,"href":"https:\/\/www.evafm.net\/sitio\/wp-json\/wp\/v2\/media\/75076"}],"wp:attachment":[{"href":"https:\/\/www.evafm.net\/sitio\/wp-json\/wp\/v2\/media?parent=75075"}],"wp:term":[{"taxonomy":"category","embeddable":true,"href":"https:\/\/www.evafm.net\/sitio\/wp-json\/wp\/v2\/categories?post=75075"},{"taxonomy":"post_tag","embeddable":true,"href":"https:\/\/www.evafm.net\/sitio\/wp-json\/wp\/v2\/tags?post=75075"}],"curies":[{"name":"wp","href":"https:\/\/api.w.org\/{rel}","templated":true}]}}