{"id":75082,"date":"2023-07-29T19:23:08","date_gmt":"2023-07-30T00:23:08","guid":{"rendered":"https:\/\/www.evafm.net\/sitio\/?p=75082"},"modified":"2023-07-29T19:23:08","modified_gmt":"2023-07-30T00:23:08","slug":"sao-paulo-contrata-al-colombiano-james-rodriguez","status":"publish","type":"post","link":"https:\/\/www.evafm.net\/sitio\/sao-paulo-contrata-al-colombiano-james-rodriguez\/","title":{"rendered":"Sao Paulo contrata al colombiano James Rodr\u00edguez"},"content":{"rendered":"<p><strong>\u201c\u00a1James Rodr\u00edguez es del Tricolor!<\/strong><\/p>\n<p>El colombiano de 32 a\u00f1os firm\u00f3 un contrato v\u00e1lido hasta el 30 de junio de 2025\u2033, indic\u00f3 en un comunicado el club paulista<\/p>\n<p>uno de los equipos m\u00e1s grandes de Brasil.<\/p>\n<p>Rodr\u00edguez regresa al f\u00fatbol sudamericano luego de 13 a\u00f1os de carrera en Europa y Asia, donde tuvo momentos destacados<\/p>\n<p>en varios equipos importantes, aunque en los \u00faltimos tiempos su desempe\u00f1o se vio afectado por lesiones recurrentes.<\/p>\n<p><strong>\u201cEstoy feliz. <\/strong><\/p>\n<p>Es una oportunidad muy grande para m\u00ed y mi familia.<\/p>\n<p>Soy una persona que le gusta jugar en equipos grandes, y Sao Paulo lo es\u201c, dijo el jugador.<\/p>\n<p>En el \u2018Viejo Continente\u2019 defendi\u00f3 al Porto <strong>(2010-13),<\/strong> el M\u00f3naco <strong>(2013-14)<\/strong>, el Real Madrid <strong>(2014-17, 2019-20)<\/strong><\/p>\n<p>el Bayern M\u00fanich<strong> (2017-19)<\/strong> y el Everton <strong>(2020-21). <\/strong><\/p>\n<p>&nbsp;<\/p>\n<p>El \u201910\u2019 gan\u00f3 una <strong>Europa League<\/strong> con el Porto <strong>(2011)<\/strong>, y el Mundial de Clubes <strong>(2014)<\/strong><\/p>\n<p>y <strong>dos Champions League<\/strong> con el Madrid <strong>(2016, 2017),<\/strong> entre otros numerosos t\u00edtulos nacionales e internacionales. <strong>(D)<\/strong><\/p>\n<p>&nbsp;<\/p>\n<p>&nbsp;<\/p>\n<blockquote class=\"twitter-tweet\" data-width=\"550\" data-dnt=\"true\">\n<p lang=\"pt\" dir=\"ltr\">\ud83c\udde8\ud83c\uddf4 Futebol puro. Bem-vindo, <a href=\"https:\/\/twitter.com\/jamesdrodriguez?ref_src=twsrc%5Etfw\">@jamesdrodriguez<\/a>!<a href=\"https:\/\/twitter.com\/hashtag\/JamesTricolor?src=hash&amp;ref_src=twsrc%5Etfw\">#JamesTricolor<\/a> <a href=\"https:\/\/twitter.com\/hashtag\/SejaS%C3%B3cioTorcedor?src=hash&amp;ref_src=twsrc%5Etfw\">#SejaS\u00f3cioTorcedor<\/a><a href=\"https:\/\/twitter.com\/hashtag\/VamosS%C3%A3oPaulo?src=hash&amp;ref_src=twsrc%5Etfw\">#VamosS\u00e3oPaulo<\/a> \ud83c\uddfe\ud83c\uddea <a href=\"https:\/\/t.co\/R7nRAYBFi5\">pic.twitter.com\/R7nRAYBFi5<\/a><\/p>\n<p>&mdash; S\u00e3o Paulo FC (@SaoPauloFC) <a href=\"https:\/\/twitter.com\/SaoPauloFC\/status\/1685356668907925504?ref_src=twsrc%5Etfw\">July 29, 2023<\/a><\/p><\/blockquote>\n<p><script async src=\"https:\/\/platform.twitter.com\/widgets.js\" charset=\"utf-8\"><\/script><\/p>\n<p>&nbsp;<\/p>\n<p>Fuente. evafm.net &#8211; primicias.ec<\/p>\n<div class=\"gsp_post_data\" \r\n\t            data-post_type=\"post\" \r\n\t            data-cat=\"deportes-internacionales\" \r\n\t            data-modified=\"120\"\r\n\t            data-created=\"1690658588\"\r\n\t            data-title=\"Sao Paulo contrata al colombiano James Rodr\u00edguez\" \r\n\t            data-home=\"https:\/\/www.evafm.net\/sitio\"><\/div>","protected":false},"excerpt":{"rendered":"<p>\u201c\u00a1James Rodr\u00edguez es del Tricolor! El colombiano de 32 a\u00f1os firm\u00f3 un contrato v\u00e1lido hasta el 30 de junio de 2025\u2033, indic\u00f3 en un comunicado el club paulista uno de los equipos m\u00e1s grandes de Brasil. Rodr\u00edguez regresa al f\u00fatbol sudamericano luego de 13 a\u00f1os de carrera en Europa y Asia, donde tuvo momentos destacados&#8230;<\/p>\n","protected":false},"author":5,"featured_media":75083,"comment_status":"closed","ping_status":"open","sticky":false,"template":"","format":"standard","meta":{"_joinchat":[],"footnotes":""},"categories":[1342],"tags":[],"class_list":["post-75082","post","type-post","status-publish","format-standard","has-post-thumbnail","hentry","category-deportes-internacionales","have-post-thumb"],"_links":{"self":[{"href":"https:\/\/www.evafm.net\/sitio\/wp-json\/wp\/v2\/posts\/75082","targetHints":{"allow":["GET"]}}],"collection":[{"href":"https:\/\/www.evafm.net\/sitio\/wp-json\/wp\/v2\/posts"}],"about":[{"href":"https:\/\/www.evafm.net\/sitio\/wp-json\/wp\/v2\/types\/post"}],"author":[{"embeddable":true,"href":"https:\/\/www.evafm.net\/sitio\/wp-json\/wp\/v2\/users\/5"}],"replies":[{"embeddable":true,"href":"https:\/\/www.evafm.net\/sitio\/wp-json\/wp\/v2\/comments?post=75082"}],"version-history":[{"count":1,"href":"https:\/\/www.evafm.net\/sitio\/wp-json\/wp\/v2\/posts\/75082\/revisions"}],"predecessor-version":[{"id":75084,"href":"https:\/\/www.evafm.net\/sitio\/wp-json\/wp\/v2\/posts\/75082\/revisions\/75084"}],"wp:featuredmedia":[{"embeddable":true,"href":"https:\/\/www.evafm.net\/sitio\/wp-json\/wp\/v2\/media\/75083"}],"wp:attachment":[{"href":"https:\/\/www.evafm.net\/sitio\/wp-json\/wp\/v2\/media?parent=75082"}],"wp:term":[{"taxonomy":"category","embeddable":true,"href":"https:\/\/www.evafm.net\/sitio\/wp-json\/wp\/v2\/categories?post=75082"},{"taxonomy":"post_tag","embeddable":true,"href":"https:\/\/www.evafm.net\/sitio\/wp-json\/wp\/v2\/tags?post=75082"}],"curies":[{"name":"wp","href":"https:\/\/api.w.org\/{rel}","templated":true}]}}