{"id":75087,"date":"2023-07-29T19:36:16","date_gmt":"2023-07-30T00:36:16","guid":{"rendered":"https:\/\/www.evafm.net\/sitio\/?p=75087"},"modified":"2023-07-29T19:36:16","modified_gmt":"2023-07-30T00:36:16","slug":"boca-juniors-anuncio-refuerzo-de-edinson-cavani","status":"publish","type":"post","link":"https:\/\/www.evafm.net\/sitio\/boca-juniors-anuncio-refuerzo-de-edinson-cavani\/","title":{"rendered":"Boca Juniors anuncio refuerzo de Edinson Cavani"},"content":{"rendered":"<p>El club argentino anunci\u00f3 este <strong>s\u00e1bado 29 de julio<\/strong> la llegada del delantero <strong>uruguayo Edinson Cavani<\/strong><\/p>\n<p>quien arribar\u00e1 en las pr\u00f3ximas horas a Buenos Aires para incorporarse al plantel.<\/p>\n<p><strong>Boca Juniors<\/strong> mostr\u00f3 una imagen en la que se ven una boina, una maleta con bandera de Uruguay<\/p>\n<p>y el tradicional termo con el mate, todo sobre el campo de juego de La Bombonera, en una alusi\u00f3n directa<\/p>\n<p>a la llegada del atacante uruguayo.<\/p>\n<p><strong>En otra publicaci\u00f3n en la misma red social, el club dio el detalle de la incorporaci\u00f3n:<\/strong><\/p>\n<p>\u201cEdinson Cavani acord\u00f3 su incorporaci\u00f3n a Boca hasta diciembre de 2024\u201c.<\/p>\n<p>Cavani es esperado en Buenos Aires para firmar un contrato por 18 meses y ser presentado en breve, ya que<\/p>\n<p>en las pr\u00f3ximas horas finaliza el l\u00edmite establecido por la Conmebol para incorporar refuerzos para los<\/p>\n<p>octavos de final de la Copa Libertadores, aunque existe una posibilidad extra de aguardar hasta el lunes. <strong>(D)<\/strong><\/p>\n<blockquote class=\"twitter-tweet\" data-width=\"550\" data-dnt=\"true\">\n<p lang=\"es\" dir=\"ltr\">\u00a1Felices de tenerte en casa, <a href=\"https:\/\/twitter.com\/ECavaniOfficial?ref_src=twsrc%5Etfw\">@ECavaniOfficial<\/a>! \ud83d\udc99\ud83d\udc9b\ud83d\udc99 <a href=\"https:\/\/t.co\/zMy5Y2WAKY\">pic.twitter.com\/zMy5Y2WAKY<\/a><\/p>\n<p>&mdash; Boca Juniors (@BocaJrsOficial) <a href=\"https:\/\/twitter.com\/BocaJrsOficial\/status\/1685354568622772225?ref_src=twsrc%5Etfw\">July 29, 2023<\/a><\/p><\/blockquote>\n<p><script async src=\"https:\/\/platform.twitter.com\/widgets.js\" charset=\"utf-8\"><\/script><\/p>\n<p>&nbsp;<\/p>\n<p>Fuente: evafm.net &#8211; primicias.ec<\/p>\n<p>&nbsp;<\/p>\n<div class=\"gsp_post_data\" \r\n\t            data-post_type=\"post\" \r\n\t            data-cat=\"deportes-internacionales\" \r\n\t            data-modified=\"120\"\r\n\t            data-created=\"1690659376\"\r\n\t            data-title=\"Boca Juniors anuncio refuerzo de Edinson Cavani\" \r\n\t            data-home=\"https:\/\/www.evafm.net\/sitio\"><\/div>","protected":false},"excerpt":{"rendered":"<p>El club argentino anunci\u00f3 este s\u00e1bado 29 de julio la llegada del delantero uruguayo Edinson Cavani quien arribar\u00e1 en las pr\u00f3ximas horas a Buenos Aires para incorporarse al plantel. Boca Juniors mostr\u00f3 una imagen en la que se ven una boina, una maleta con bandera de Uruguay y el tradicional termo con el mate, todo&#8230;<\/p>\n","protected":false},"author":5,"featured_media":75088,"comment_status":"closed","ping_status":"open","sticky":false,"template":"","format":"standard","meta":{"_joinchat":[],"footnotes":""},"categories":[1342],"tags":[],"class_list":["post-75087","post","type-post","status-publish","format-standard","has-post-thumbnail","hentry","category-deportes-internacionales","have-post-thumb"],"_links":{"self":[{"href":"https:\/\/www.evafm.net\/sitio\/wp-json\/wp\/v2\/posts\/75087","targetHints":{"allow":["GET"]}}],"collection":[{"href":"https:\/\/www.evafm.net\/sitio\/wp-json\/wp\/v2\/posts"}],"about":[{"href":"https:\/\/www.evafm.net\/sitio\/wp-json\/wp\/v2\/types\/post"}],"author":[{"embeddable":true,"href":"https:\/\/www.evafm.net\/sitio\/wp-json\/wp\/v2\/users\/5"}],"replies":[{"embeddable":true,"href":"https:\/\/www.evafm.net\/sitio\/wp-json\/wp\/v2\/comments?post=75087"}],"version-history":[{"count":1,"href":"https:\/\/www.evafm.net\/sitio\/wp-json\/wp\/v2\/posts\/75087\/revisions"}],"predecessor-version":[{"id":75089,"href":"https:\/\/www.evafm.net\/sitio\/wp-json\/wp\/v2\/posts\/75087\/revisions\/75089"}],"wp:featuredmedia":[{"embeddable":true,"href":"https:\/\/www.evafm.net\/sitio\/wp-json\/wp\/v2\/media\/75088"}],"wp:attachment":[{"href":"https:\/\/www.evafm.net\/sitio\/wp-json\/wp\/v2\/media?parent=75087"}],"wp:term":[{"taxonomy":"category","embeddable":true,"href":"https:\/\/www.evafm.net\/sitio\/wp-json\/wp\/v2\/categories?post=75087"},{"taxonomy":"post_tag","embeddable":true,"href":"https:\/\/www.evafm.net\/sitio\/wp-json\/wp\/v2\/tags?post=75087"}],"curies":[{"name":"wp","href":"https:\/\/api.w.org\/{rel}","templated":true}]}}