{"id":75091,"date":"2023-07-29T19:47:49","date_gmt":"2023-07-30T00:47:49","guid":{"rendered":"https:\/\/www.evafm.net\/sitio\/?p=75091"},"modified":"2023-07-29T19:47:49","modified_gmt":"2023-07-30T00:47:49","slug":"aucas-anuncio-como-refuerzo-a-yerson-candelo","status":"publish","type":"post","link":"https:\/\/www.evafm.net\/sitio\/aucas-anuncio-como-refuerzo-a-yerson-candelo\/","title":{"rendered":"Aucas anuncio como refuerzo a Yerson Candelo"},"content":{"rendered":"<p><strong>A pocos d\u00edas para que se cierre el mercado de pases<\/strong><\/p>\n<p>Aucas contin\u00faa reforzando su plantilla para la segunda etapa de la <strong>LigaPro. <\/strong><\/p>\n<p>El campe\u00f3n del f\u00fatbol ecuatoriano anunci\u00f3 el fichaje del colombiano <strong>Yerson Candelo<\/strong><\/p>\n<p>proveniente del<strong> Atl\u00e9tico Nacional.<\/strong><\/p>\n<p>Vengo a acompa\u00f1arlos en esta linda etapa, un saludo muy especial para la hinchada de Aucas\u201d<\/p>\n<p>dijo el lateral derecho en un video publicado por el club.<\/p>\n<p><strong>Durante su carrera, Candelo ha jugado en:<\/strong><\/p>\n<p>Deportivo Cali, Quer\u00e9taro y Atl\u00e9tico Nacional y ha ganado dos Ligas, dos Copas y dos S\u00fapercopas<\/p>\n<p>de Colombia.<strong> (D)<\/strong><\/p>\n<p>&nbsp;<\/p>\n<blockquote class=\"twitter-tweet\" data-width=\"550\" data-dnt=\"true\">\n<p lang=\"es\" dir=\"ltr\">Bienvenido a la familia oro y grana Yerson\ud83d\udfe1\ud83d\udd34<\/p>\n<p>\u00a1A dejarlo todo en el campo! \ud83d\udcaa\ud83c\udffc\ud83d\udd25<a href=\"https:\/\/twitter.com\/hashtag\/LaNuevaHistoria?src=hash&amp;ref_src=twsrc%5Etfw\">#LaNuevaHistoria<\/a><a href=\"https:\/\/twitter.com\/hashtag\/VamosPorM%C3%A1s?src=hash&amp;ref_src=twsrc%5Etfw\">#VamosPorM\u00e1s<\/a><a href=\"https:\/\/twitter.com\/hashtag\/Aucas2023?src=hash&amp;ref_src=twsrc%5Etfw\">#Aucas2023<\/a> \ud83d\udfe1\ud83d\udd34 <a href=\"https:\/\/t.co\/qRwyJYq9i1\">pic.twitter.com\/qRwyJYq9i1<\/a><\/p>\n<p>&mdash; S. D. Aucas Oficial (@Aucas45) <a href=\"https:\/\/twitter.com\/Aucas45\/status\/1685291658466754561?ref_src=twsrc%5Etfw\">July 29, 2023<\/a><\/p><\/blockquote>\n<p><script async src=\"https:\/\/platform.twitter.com\/widgets.js\" charset=\"utf-8\"><\/script><\/p>\n<p>&nbsp;<\/p>\n<p>Fuente: evafm.net &#8211; primicias.ec<\/p>\n<p>&nbsp;<\/p>\n<p>&nbsp;<\/p>\n<div class=\"gsp_post_data\" \r\n\t            data-post_type=\"post\" \r\n\t            data-cat=\"deportes-ecuador\" \r\n\t            data-modified=\"120\"\r\n\t            data-created=\"1690660069\"\r\n\t            data-title=\"Aucas anuncio como refuerzo a Yerson Candelo\" \r\n\t            data-home=\"https:\/\/www.evafm.net\/sitio\"><\/div>","protected":false},"excerpt":{"rendered":"<p>A pocos d\u00edas para que se cierre el mercado de pases Aucas contin\u00faa reforzando su plantilla para la segunda etapa de la LigaPro. El campe\u00f3n del f\u00fatbol ecuatoriano anunci\u00f3 el fichaje del colombiano Yerson Candelo proveniente del Atl\u00e9tico Nacional. Vengo a acompa\u00f1arlos en esta linda etapa, un saludo muy especial para la hinchada de Aucas\u201d&#8230;<\/p>\n","protected":false},"author":5,"featured_media":75092,"comment_status":"closed","ping_status":"open","sticky":false,"template":"","format":"standard","meta":{"_joinchat":[],"footnotes":""},"categories":[1557],"tags":[],"class_list":["post-75091","post","type-post","status-publish","format-standard","has-post-thumbnail","hentry","category-deportes-ecuador","have-post-thumb"],"_links":{"self":[{"href":"https:\/\/www.evafm.net\/sitio\/wp-json\/wp\/v2\/posts\/75091","targetHints":{"allow":["GET"]}}],"collection":[{"href":"https:\/\/www.evafm.net\/sitio\/wp-json\/wp\/v2\/posts"}],"about":[{"href":"https:\/\/www.evafm.net\/sitio\/wp-json\/wp\/v2\/types\/post"}],"author":[{"embeddable":true,"href":"https:\/\/www.evafm.net\/sitio\/wp-json\/wp\/v2\/users\/5"}],"replies":[{"embeddable":true,"href":"https:\/\/www.evafm.net\/sitio\/wp-json\/wp\/v2\/comments?post=75091"}],"version-history":[{"count":1,"href":"https:\/\/www.evafm.net\/sitio\/wp-json\/wp\/v2\/posts\/75091\/revisions"}],"predecessor-version":[{"id":75093,"href":"https:\/\/www.evafm.net\/sitio\/wp-json\/wp\/v2\/posts\/75091\/revisions\/75093"}],"wp:featuredmedia":[{"embeddable":true,"href":"https:\/\/www.evafm.net\/sitio\/wp-json\/wp\/v2\/media\/75092"}],"wp:attachment":[{"href":"https:\/\/www.evafm.net\/sitio\/wp-json\/wp\/v2\/media?parent=75091"}],"wp:term":[{"taxonomy":"category","embeddable":true,"href":"https:\/\/www.evafm.net\/sitio\/wp-json\/wp\/v2\/categories?post=75091"},{"taxonomy":"post_tag","embeddable":true,"href":"https:\/\/www.evafm.net\/sitio\/wp-json\/wp\/v2\/tags?post=75091"}],"curies":[{"name":"wp","href":"https:\/\/api.w.org\/{rel}","templated":true}]}}