{"id":75095,"date":"2023-07-29T20:06:46","date_gmt":"2023-07-30T01:06:46","guid":{"rendered":"https:\/\/www.evafm.net\/sitio\/?p=75095"},"modified":"2023-07-29T20:06:46","modified_gmt":"2023-07-30T01:06:46","slug":"luis-suarez-dejara-gremio-en-diciembre","status":"publish","type":"post","link":"https:\/\/www.evafm.net\/sitio\/luis-suarez-dejara-gremio-en-diciembre\/","title":{"rendered":"Luis Su\u00e1rez dejar\u00e1 Gremio en diciembre"},"content":{"rendered":"<p>Mi intenci\u00f3n, porque me sent\u00eda con la fuerza f\u00edsica, era poder estar dos a\u00f1os con el club.<\/p>\n<p>Pero uno tiene que ser sincero consigo mismo, con su cuerpo y con el club\u201d<\/p>\n<p>dijo Luis Su\u00e1rez en una conferencia de prensa.<\/p>\n<p>\u201cPara el a\u00f1o pr\u00f3ximo no iba a poder rendir en Gremio lo que esperaban de m\u00ed.<\/p>\n<p>El tema viene por el desgaste que tengo de la rodilla, una lesi\u00f3n cr\u00f3nica y el ritmo que<\/p>\n<p>tiene el f\u00fatbol brasile\u00f1o, su intensidad\u201d, explic\u00f3 el delantero.<\/p>\n<p>El t\u00e9cnico de Gremio, Renato Portaluppi, hab\u00eda comunicado el mi\u00e9rcoles que Su\u00e1rez permanecer\u00eda<\/p>\n<p>hasta diciembre, en un acuerdo para reducir su contrato, originalmente previsto hasta final de 2024.<\/p>\n<p><strong>Posible futuro en Miami<\/strong><\/p>\n<p>Inter Miami, que recientemente fich\u00f3 a su amigo Messi y a sus excompa\u00f1eros Sergio Busquets y Jordi Alba<\/p>\n<p>manifest\u00f3 al club ga\u00facho su inter\u00e9s por reforzar su ataque con el uruguayo, seg\u00fan confirm\u00f3 el propio jugador<\/p>\n<p>&nbsp;<\/p>\n<p>El delantero, sin embargo, dej\u00f3 la puerta abierta para jugar en otra instituci\u00f3n a partir del a\u00f1o pr\u00f3ximo.<\/p>\n<p>\u201cNo s\u00e9 si voy a seguir (jugando), si voy a seguir en otro club.<\/p>\n<p>S\u00e9 que debo bajar la intensidad\u201c, remarc\u00f3. <strong>(D)<\/strong><\/p>\n<p>Fuente: evam.net &#8211; primicias.ec<\/p>\n<p>&nbsp;<\/p>\n<div class=\"gsp_post_data\" \r\n\t            data-post_type=\"post\" \r\n\t            data-cat=\"deportes-internacionales\" \r\n\t            data-modified=\"120\"\r\n\t            data-created=\"1690661206\"\r\n\t            data-title=\"Luis Su\u00e1rez dejar\u00e1 Gremio en diciembre\" \r\n\t            data-home=\"https:\/\/www.evafm.net\/sitio\"><\/div>","protected":false},"excerpt":{"rendered":"<p>Mi intenci\u00f3n, porque me sent\u00eda con la fuerza f\u00edsica, era poder estar dos a\u00f1os con el club. Pero uno tiene que ser sincero consigo mismo, con su cuerpo y con el club\u201d dijo Luis Su\u00e1rez en una conferencia de prensa. \u201cPara el a\u00f1o pr\u00f3ximo no iba a poder rendir en Gremio lo que esperaban de&#8230;<\/p>\n","protected":false},"author":5,"featured_media":75096,"comment_status":"closed","ping_status":"open","sticky":false,"template":"","format":"standard","meta":{"_joinchat":[],"footnotes":""},"categories":[1342],"tags":[],"class_list":["post-75095","post","type-post","status-publish","format-standard","has-post-thumbnail","hentry","category-deportes-internacionales","have-post-thumb"],"_links":{"self":[{"href":"https:\/\/www.evafm.net\/sitio\/wp-json\/wp\/v2\/posts\/75095","targetHints":{"allow":["GET"]}}],"collection":[{"href":"https:\/\/www.evafm.net\/sitio\/wp-json\/wp\/v2\/posts"}],"about":[{"href":"https:\/\/www.evafm.net\/sitio\/wp-json\/wp\/v2\/types\/post"}],"author":[{"embeddable":true,"href":"https:\/\/www.evafm.net\/sitio\/wp-json\/wp\/v2\/users\/5"}],"replies":[{"embeddable":true,"href":"https:\/\/www.evafm.net\/sitio\/wp-json\/wp\/v2\/comments?post=75095"}],"version-history":[{"count":1,"href":"https:\/\/www.evafm.net\/sitio\/wp-json\/wp\/v2\/posts\/75095\/revisions"}],"predecessor-version":[{"id":75097,"href":"https:\/\/www.evafm.net\/sitio\/wp-json\/wp\/v2\/posts\/75095\/revisions\/75097"}],"wp:featuredmedia":[{"embeddable":true,"href":"https:\/\/www.evafm.net\/sitio\/wp-json\/wp\/v2\/media\/75096"}],"wp:attachment":[{"href":"https:\/\/www.evafm.net\/sitio\/wp-json\/wp\/v2\/media?parent=75095"}],"wp:term":[{"taxonomy":"category","embeddable":true,"href":"https:\/\/www.evafm.net\/sitio\/wp-json\/wp\/v2\/categories?post=75095"},{"taxonomy":"post_tag","embeddable":true,"href":"https:\/\/www.evafm.net\/sitio\/wp-json\/wp\/v2\/tags?post=75095"}],"curies":[{"name":"wp","href":"https:\/\/api.w.org\/{rel}","templated":true}]}}