{"id":75113,"date":"2023-07-30T18:30:38","date_gmt":"2023-07-30T23:30:38","guid":{"rendered":"https:\/\/www.evafm.net\/sitio\/?p=75113"},"modified":"2023-07-30T18:30:38","modified_gmt":"2023-07-30T23:30:38","slug":"nuevo-caso-de-gripe-aviar-en-ecuador","status":"publish","type":"post","link":"https:\/\/www.evafm.net\/sitio\/nuevo-caso-de-gripe-aviar-en-ecuador\/","title":{"rendered":"Nuevo caso de gripe aviar en Ecuador"},"content":{"rendered":"<p>El Gobierno de Ecuador anunci\u00f3 este 30 de julio que activ\u00f3 protocolos de bioseguridad ante la aparici\u00f3n de un nuevo caso<\/p>\n<p>de gripe aviar.<\/p>\n<p>&nbsp;<\/p>\n<p>El brote fue detectado en una finca agr\u00edcola de la provincia de <strong>Cotopaxi. <\/strong><\/p>\n<p>La Agencia de Regulaci\u00f3n y Control Fito y Zoosanitario<strong> (Agrocalidad)<\/strong> del Ministerio de Agricultura y Ganader\u00eda<\/p>\n<p>inform\u00f3 que se dispusieron acciones para atender el nuevo brote de la influenza aviar.<\/p>\n<p>Entre los protocolos y acciones determinadas por Agrocalidad consta un plan de<\/p>\n<p><strong> \u201ccuarentena y contenci\u00f3n en la granja detectada\u201d. <\/strong><\/p>\n<p>Tambi\u00e9n, un proceso de \u201cvigilancia epidemiol\u00f3gica\u201d por parte de especialistas \u201cen la zona focal y perifocal (aleda\u00f1a)<\/p>\n<p>para evitar la expansi\u00f3n el virus a otros sitios\u201d.<\/p>\n<p>Asimismo, puso en alerta a personal calificado para atender eventuales notificaciones en otros sitios.<\/p>\n<p>Y se orden\u00f3 ampliar un plan de vacunaci\u00f3n contra la enfermedad en Cotopaxi y en las vecinas provincias de<\/p>\n<p><strong>Tungurahua y Chimborazo.<\/strong><\/p>\n<p>&nbsp;<\/p>\n<p>Agrocalidad exhort\u00f3 a los encargados de las fincas y granjas que hayan aplicado una primera vacuna a colocar la<\/p>\n<p>segunda dosis como medida de bioseguridad.<\/p>\n<p>&nbsp;<\/p>\n<p>Deben dar cumplimiento a un calendario establecido por la entidad en el marco de una estrategia de control de<\/p>\n<p>la gripe aviar en el pa\u00eds.<\/p>\n<p>&nbsp;<\/p>\n<p>La Agencia asegur\u00f3 que el control de la enfermedad debe ser entendido como un trabajo conjunto entre el<\/p>\n<p>sector av\u00edcola el Gobierno central y la ciudadan\u00eda.<\/p>\n<p>&nbsp;<\/p>\n<p>Ecuador registr\u00f3 el a\u00f1o pasado algunos focos de gripe aviar en granjas situadas en la regi\u00f3n andina.<\/p>\n<p>Murieron o fueron sacrificadas al menos 1,2 millones de aves que llegaron a causar incluso el contagio de<\/p>\n<p>una ni\u00f1a, seg\u00fan informaciones oficiales.<strong> (I)<\/strong><\/p>\n<div class=\"css-1dbjc4n r-18u37iz r-kzbkwu\">\n<div class=\"css-1dbjc4n r-1ny4l3l\">\n<div class=\"css-1dbjc4n r-1adg3ll r-bztko3\" data-testid=\"UserAvatar-Container-AgrocalidadEC\">\n<div class=\"r-1p0dtai r-1pi2tsx r-1d2f490 r-u8s1d r-ipm5af r-13qz1uu\">\n<div class=\"css-1dbjc4n r-1adg3ll r-1pi2tsx r-1wyvozj r-bztko3 r-u8s1d r-1v2oles r-desppf r-13qz1uu\">\n<div class=\"r-1p0dtai r-1pi2tsx r-1d2f490 r-u8s1d r-ipm5af r-13qz1uu\">\n<div class=\"css-1dbjc4n r-ggadg3 r-u8s1d r-8jfcpp\">\n<div class=\"css-1dbjc4n r-14lw9ot r-1wyvozj r-633pao r-u8s1d r-1v2oles r-desppf\">\n<div class=\"css-1dbjc4n r-1adg3ll r-1udh08x\">\n<div class=\"r-1p0dtai r-1pi2tsx r-1d2f490 r-u8s1d r-ipm5af r-13qz1uu\">\n<div class=\"css-1dbjc4n r-1p0dtai r-1mlwlqe r-1d2f490 r-1udh08x r-u8s1d r-zchlnj r-ipm5af r-417010\" aria-label=\"\">\n<div class=\"css-1dbjc4n r-1niwhzg r-vvn4in r-u6sd8q r-4gszlv r-1p0dtai r-1pi2tsx r-1d2f490 r-u8s1d r-zchlnj r-ipm5af r-13qz1uu r-1wyyakw\"><\/div>\n<p><img decoding=\"async\" class=\"css-9pa8cd\" src=\"https:\/\/pbs.twimg.com\/profile_images\/1671537288457728001\/XY6Asl3k_normal.jpg\" alt=\"\" \/><\/div>\n<\/div>\n<\/div>\n<\/div>\n<div class=\"css-1dbjc4n r-1wyvozj r-u8s1d r-1v2oles r-desppf\">\n<div class=\"css-1dbjc4n r-12181gd r-1pi2tsx r-1ny4l3l r-o7ynqc r-6416eg r-13qz1uu\"><\/div>\n<\/div>\n<\/div>\n<\/div>\n<\/div>\n<\/div>\n<\/div>\n<\/div>\n<div class=\"css-1dbjc4n r-eqz5dr r-1777fci r-4amgru r-1kh6xel\">\n<div class=\"css-1dbjc4n r-1ny4l3l\">\n<div class=\"css-1dbjc4n r-1wbh5a2 r-dnmrzs r-1ny4l3l\">\n<div class=\"css-1dbjc4n r-1wbh5a2 r-dnmrzs r-1ny4l3l\">\n<div class=\"css-1dbjc4n r-1awozwy r-18u37iz r-dnmrzs\">\n<div class=\"css-901oao r-1awozwy r-18jsvk2 r-6koalj r-1qd0xha r-a023e6 r-b88u0q r-rjixqe r-bcqeeo r-1udh08x r-3s2u2q r-qvutc0\" dir=\"auto\"><strong><span class=\"css-901oao css-16my406 css-1hf3ou5 r-poiln3 r-bcqeeo r-qvutc0\"><span class=\"css-901oao css-16my406 r-poiln3 r-bcqeeo r-qvutc0\">Agrocalidad<\/span><\/span><\/strong><\/div>\n<div class=\"css-901oao r-18jsvk2 r-xoduu5 r-18u37iz r-1q142lx r-1qd0xha r-a023e6 r-16dba41 r-rjixqe r-bcqeeo r-qvutc0\" dir=\"auto\"><\/div>\n<\/div>\n<div class=\"css-1dbjc4n r-1awozwy r-18u37iz r-1wbh5a2\">\n<div class=\"css-1dbjc4n\">\n<div class=\"css-901oao css-1hf3ou5 r-14j79pv r-18u37iz r-1qd0xha r-1wvb978 r-a023e6 r-16dba41 r-rjixqe r-bcqeeo r-qvutc0\" dir=\"ltr\"><strong><span class=\"css-901oao css-16my406 r-poiln3 r-bcqeeo r-qvutc0\">@AgrocalidadEC<\/span><\/strong><\/div>\n<\/div>\n<div class=\"css-1dbjc4n r-18u37iz r-1q142lx\">\n<div class=\"css-901oao r-14j79pv r-1q142lx r-1qd0xha r-a023e6 r-16dba41 r-rjixqe r-bcqeeo r-s1qlax r-qvutc0\" dir=\"auto\" aria-hidden=\"true\"><span class=\"css-901oao css-16my406 r-poiln3 r-bcqeeo r-qvutc0\">\u00b7<\/span><\/div>\n<\/div>\n<\/div>\n<\/div>\n<\/div>\n<\/div>\n<\/div>\n<\/div>\n<div class=\"css-1dbjc4n\">\n<div class=\"css-901oao r-18jsvk2 r-1dqbpge r-1qd0xha r-adyw6z r-16dba41 r-135wba7 r-bcqeeo r-bnwqim r-qvutc0\" dir=\"auto\" lang=\"es\" data-testid=\"tweetText\"><strong><span class=\"r-18u37iz\">#AgrocalidadInforma<\/span><\/strong><\/div>\n<div class=\"css-901oao r-18jsvk2 r-1dqbpge r-1qd0xha r-adyw6z r-16dba41 r-135wba7 r-bcqeeo r-bnwqim r-qvutc0\" dir=\"auto\" lang=\"es\" data-testid=\"tweetText\"><span class=\"css-901oao css-16my406 r-poiln3 r-bcqeeo r-qvutc0\"> las acciones realizadas ante el nuevo brote de influenza aviar. <\/span><\/div>\n<div class=\"css-901oao r-18jsvk2 r-1dqbpge r-1qd0xha r-adyw6z r-16dba41 r-135wba7 r-bcqeeo r-bnwqim r-qvutc0\" dir=\"auto\" lang=\"es\" data-testid=\"tweetText\"><span class=\"css-901oao css-16my406 r-poiln3 r-bcqeeo r-qvutc0\"> \u00a1No bajes la guardia, cu\u00eddate de la influenza aviar!<\/span><\/div>\n<div class=\"css-901oao r-18jsvk2 r-1dqbpge r-1qd0xha r-adyw6z r-16dba41 r-135wba7 r-bcqeeo r-bnwqim r-qvutc0\" dir=\"auto\" lang=\"es\" data-testid=\"tweetText\"><span class=\"css-901oao css-16my406 r-poiln3 r-bcqeeo r-qvutc0\"> El compromiso de controlar esta enfermedad es un trabajo conjunto<\/span><\/div>\n<\/div>\n<div dir=\"auto\" lang=\"es\" data-testid=\"tweetText\"><\/div>\n<div dir=\"auto\" lang=\"es\" data-testid=\"tweetText\"><\/div>\n<div dir=\"auto\" lang=\"es\" data-testid=\"tweetText\"><img fetchpriority=\"high\" decoding=\"async\" class=\"\" src=\"https:\/\/pbs.twimg.com\/media\/F2TqW_CWwAAw23g?format=jpg&amp;name=medium\" alt=\"Imagen\" width=\"504\" height=\"420\" \/><\/div>\n<p>&nbsp;<\/p>\n<p>&nbsp;<\/p>\n<p>Fuente: evafm.net &#8211; primicias.ec<\/p>\n<p>&nbsp;<\/p>\n<p>&nbsp;<\/p>\n<p>&nbsp;<\/p>\n<div class=\"gsp_post_data\" \r\n\t            data-post_type=\"post\" \r\n\t            data-cat=\"general,noticias-ecuador\" \r\n\t            data-modified=\"120\"\r\n\t            data-created=\"1690741838\"\r\n\t            data-title=\"Nuevo caso de gripe aviar en Ecuador\" \r\n\t            data-home=\"https:\/\/www.evafm.net\/sitio\"><\/div>","protected":false},"excerpt":{"rendered":"<p>El Gobierno de Ecuador anunci\u00f3 este 30 de julio que activ\u00f3 protocolos de bioseguridad ante la aparici\u00f3n de un nuevo caso de gripe aviar. &nbsp; El brote fue detectado en una finca agr\u00edcola de la provincia de Cotopaxi. La Agencia de Regulaci\u00f3n y Control Fito y Zoosanitario (Agrocalidad) del Ministerio de Agricultura y Ganader\u00eda inform\u00f3&#8230;<\/p>\n","protected":false},"author":5,"featured_media":75114,"comment_status":"closed","ping_status":"open","sticky":false,"template":"","format":"standard","meta":{"_joinchat":[],"footnotes":""},"categories":[1720,1558],"tags":[],"class_list":["post-75113","post","type-post","status-publish","format-standard","has-post-thumbnail","hentry","category-general","category-noticias-ecuador","have-post-thumb"],"_links":{"self":[{"href":"https:\/\/www.evafm.net\/sitio\/wp-json\/wp\/v2\/posts\/75113","targetHints":{"allow":["GET"]}}],"collection":[{"href":"https:\/\/www.evafm.net\/sitio\/wp-json\/wp\/v2\/posts"}],"about":[{"href":"https:\/\/www.evafm.net\/sitio\/wp-json\/wp\/v2\/types\/post"}],"author":[{"embeddable":true,"href":"https:\/\/www.evafm.net\/sitio\/wp-json\/wp\/v2\/users\/5"}],"replies":[{"embeddable":true,"href":"https:\/\/www.evafm.net\/sitio\/wp-json\/wp\/v2\/comments?post=75113"}],"version-history":[{"count":1,"href":"https:\/\/www.evafm.net\/sitio\/wp-json\/wp\/v2\/posts\/75113\/revisions"}],"predecessor-version":[{"id":75115,"href":"https:\/\/www.evafm.net\/sitio\/wp-json\/wp\/v2\/posts\/75113\/revisions\/75115"}],"wp:featuredmedia":[{"embeddable":true,"href":"https:\/\/www.evafm.net\/sitio\/wp-json\/wp\/v2\/media\/75114"}],"wp:attachment":[{"href":"https:\/\/www.evafm.net\/sitio\/wp-json\/wp\/v2\/media?parent=75113"}],"wp:term":[{"taxonomy":"category","embeddable":true,"href":"https:\/\/www.evafm.net\/sitio\/wp-json\/wp\/v2\/categories?post=75113"},{"taxonomy":"post_tag","embeddable":true,"href":"https:\/\/www.evafm.net\/sitio\/wp-json\/wp\/v2\/tags?post=75113"}],"curies":[{"name":"wp","href":"https:\/\/api.w.org\/{rel}","templated":true}]}}