{"id":75124,"date":"2023-07-30T19:34:54","date_gmt":"2023-07-31T00:34:54","guid":{"rendered":"https:\/\/www.evafm.net\/sitio\/?p=75124"},"modified":"2023-07-30T19:34:54","modified_gmt":"2023-07-31T00:34:54","slug":"gabriel-boric-en-su-peor-momento-en-chile","status":"publish","type":"post","link":"https:\/\/www.evafm.net\/sitio\/gabriel-boric-en-su-peor-momento-en-chile\/","title":{"rendered":"Gabriel Boric, en su peor momento en Chile"},"content":{"rendered":"<p class=\"paragraph\" data-mrf-recirculation=\"Links inline\"><i><b>(Desde Santiago de Chile)<\/b><\/i><i>\u00a0<\/i>La pista se le hab\u00eda vuelto compleja desde un primer momento al presidente\u00a0<b>Gabriel Boric<\/b>.<\/p>\n<p class=\"paragraph\" data-mrf-recirculation=\"Links inline\">Pero eso no ha sido nada comparado con el turbulento transitar que ha tenido el gobierno en estos \u00faltimos cuatro meses.<\/p>\n<p data-mrf-recirculation=\"Links inline\">\n<p class=\"paragraph\" data-mrf-recirculation=\"Links inline\">Entre marzo y abril, los asesinatos de los carabineros Rita Olivares y Daniel Palma obligaron al gobierno a poner el foco<\/p>\n<p class=\"paragraph\" data-mrf-recirculation=\"Links inline\">en la seguridad.<\/p>\n<p class=\"paragraph\" data-mrf-recirculation=\"Links inline\">La derecha aprovech\u00f3 para apurar el tranco en todos los proyectos relativos a la seguridad que estaban durmiendo<\/p>\n<p class=\"paragraph\" data-mrf-recirculation=\"Links inline\">en el congreso, como la\u00a0<b>Ley Na\u00edn-Retamal<\/b>, inspirada en otros dos uniformados asesinados, que endurec\u00eda las penas<\/p>\n<p class=\"paragraph\" data-mrf-recirculation=\"Links inline\">a quienes agredieran a Carabineros.<\/p>\n<p class=\"paragraph\" data-mrf-recirculation=\"Links inline\">Eso s\u00ed, en el proyecto ven\u00edan indicaciones que eran, al menos, cuestionables y que fueron largamente discutidas por<\/p>\n<p class=\"paragraph\" data-mrf-recirculation=\"Links inline\">el gobierno.<\/p>\n<p data-mrf-recirculation=\"Links inline\">\n<p class=\"paragraph\" data-mrf-recirculation=\"Links inline\">Boric\u00a0<b>hab\u00eda presentado una ambiciosa reforma tributaria<\/b>\u00a0que buscaba recaudar 3,6 puntos porcentuales<\/p>\n<p class=\"paragraph\" data-mrf-recirculation=\"Links inline\">adicionales del Producto Interno Bruto mediante el alza de impuestos a las empresas a las mayores fortunas.<\/p>\n<p class=\"paragraph\" data-mrf-recirculation=\"Links inline\">Pero el proyecto fracas\u00f3 en su primer intento y la C\u00e1mara de Diputados rechaz\u00f3 ajustadamente la idea de legislar<\/p>\n<p class=\"paragraph\" data-mrf-recirculation=\"Links inline\">la ley con la que la administraci\u00f3n Boric buscaba financiar pol\u00edticas que su gobierno consideraba prioritarias:<\/p>\n<p class=\"paragraph\" data-mrf-recirculation=\"Links inline\">cancelar la deuda hist\u00f3rica que el estado tiene con los profesores y aumentar la Pensi\u00f3n Garantizada Universal (PGU).<\/p>\n<p class=\"paragraph\" data-mrf-recirculation=\"Links inline\">Por estos d\u00edas el gobierno busca convencer a los empresarios de establecer un pacto fiscal m\u00e1s acotado que el anterior.<\/p>\n<p class=\"paragraph\" data-mrf-recirculation=\"Links inline\">Aunque desde la oposici\u00f3n ya han dicho que el gobierno debe tratar de convencer al congreso.<\/p>\n<p data-mrf-recirculation=\"Links inline\">\n<p class=\"paragraph\" data-mrf-recirculation=\"Links inline\"><strong>Arremetida republicana:<\/strong><\/p>\n<p class=\"paragraph\" data-mrf-recirculation=\"Links inline\">En mayo se vot\u00f3 a los integrantes que iban a formar parte del nuevo Consejo Constitucional.<\/p>\n<p class=\"paragraph\" data-mrf-recirculation=\"Links inline\">E<b>l Partido Republicano<\/b>, que se ubica un poco m\u00e1s a la derecha de la UDI y Renovaci\u00f3n Nacional, los tradicionales<\/p>\n<p class=\"paragraph\" data-mrf-recirculation=\"Links inline\">partidos de oposici\u00f3n en Chile,\u00a0<b>arras\u00f3 en la votaci\u00f3n: logr\u00f3 23 de los 51 cupos<\/b>.<\/p>\n<p data-mrf-recirculation=\"Links inline\">\n<p class=\"paragraph\" data-mrf-recirculation=\"Links inline\">La izquierda ni siquiera tiene poder de veto.<\/p>\n<p class=\"paragraph\" data-mrf-recirculation=\"Links inline\">As\u00ed, el conglomerado republicano ha presentado enmiendas para modificar el texto hecho por una comisi\u00f3n experta<\/p>\n<p class=\"paragraph\" data-mrf-recirculation=\"Links inline\">que, entre otras cosas, incluye la eliminaci\u00f3n de la indemnizaci\u00f3n por a\u00f1os de servicio o constitucionalizar modelos<\/p>\n<p class=\"paragraph\" data-mrf-recirculation=\"Links inline\">muy discutidos en Chile, como lo son la salud y previsi\u00f3n privadas.<\/p>\n<p class=\"paragraph\" data-mrf-recirculation=\"Links inline\">Reducir el n\u00famero de diputados y que los reos condenados mayores de 75 a\u00f1os puedan estar recluidos en sus domicilios<\/p>\n<p class=\"paragraph\" data-mrf-recirculation=\"Links inline\">lo que beneficiar\u00eda a los presos de Punta Peuco, el penal hecho para los militares sentenciados por delitos en dictadura.<\/p>\n<p data-mrf-recirculation=\"Links inline\">Por cierto, no son pocos dentro de la misma izquierda quienes responsabilizan al gobierno del desplome constitucional.<\/p>\n<p data-mrf-recirculation=\"Links inline\">Lo mismo sucedi\u00f3 con el fracaso del proceso anterior.<\/p>\n<p data-mrf-recirculation=\"Links inline\">\n<p data-mrf-recirculation=\"Links inline\"><strong>Roces con su mentor Lula:<\/strong><\/p>\n<p class=\"paragraph\" data-mrf-recirculation=\"Links inline\">Y en el \u00e1mbito internacional, Gabriel Boric tuvo otro cruce con Lula, mentor de cualquier dirigente latinoamericano<\/p>\n<p class=\"paragraph\" data-mrf-recirculation=\"Links inline\">que se considere de izquierda.<\/p>\n<p class=\"paragraph\" data-mrf-recirculation=\"Links inline\">Todo, porque en la cumbre Cleac-UE el chileno critic\u00f3 que no hubiese una postura clara en contra de la invasi\u00f3n rusa<\/p>\n<p class=\"paragraph\" data-mrf-recirculation=\"Links inline\">a Ucrania y, en cambio, la declaraci\u00f3n final terminara expresando una tibia \u201cpreocupaci\u00f3n\u201d.<\/p>\n<p class=\"paragraph\" data-mrf-recirculation=\"Links inline\">El experimentado Lula achac\u00f3 que la juventud de Boric y<\/p>\n<p class=\"paragraph\" data-mrf-recirculation=\"Links inline\">\u201cl<b>a falta de costumbre de participar en estas reuniones hace que un joven sea m\u00e1s ansioso, m\u00e1s apresurado\u201d.<\/b><\/p>\n<p class=\"paragraph\" data-mrf-recirculation=\"Links inline\">Ya antes Boric hab\u00eda criticado a Lula por afirmar que lo que ocurr\u00eda en la Venezuela de Nicol\u00e1s Maduro es<\/p>\n<p class=\"paragraph\" data-mrf-recirculation=\"Links inline\">\u201cuna narrativa que se construy\u00f3 contra Venezuela\u201d.<\/p>\n<p class=\"paragraph\" data-mrf-recirculation=\"Links inline\">El mismo Boric respondi\u00f3 diciendo que \u201cno es una construcci\u00f3n narrativa; es una realidad\u201d.<\/p>\n<p data-mrf-recirculation=\"Links inline\">\n<p class=\"paragraph\" data-mrf-recirculation=\"Links inline\"><b>\u00bfHay algo para rescatar?<\/b><\/p>\n<p class=\"paragraph\" data-mrf-recirculation=\"Links inline\">As\u00ed y todo, el gobierno de Boric logr\u00f3 dos grandes victorias legislativas: la aprobaci\u00f3n del royalty minero, una discusi\u00f3n que<\/p>\n<p class=\"paragraph\" data-mrf-recirculation=\"Links inline\">ven\u00eda hace a\u00f1os en Chile.<\/p>\n<p class=\"paragraph\" data-mrf-recirculation=\"Links inline\">Y el aumento progresivo del sueldo m\u00ednimo a 500 mil pesos (602 d\u00f3lares), algo que en alg\u00fan momento no se preve\u00eda bien.<\/p>\n<p class=\"paragraph\" data-mrf-recirculation=\"Links inline\">Pero no ha logrado instalar una agenda propia en el Congreso ni tampoco a nivel pa\u00eds.<\/p>\n<p class=\"paragraph\" data-mrf-recirculation=\"Links inline\">Todo este desorden pol\u00edtico contrasta con la estabilidad econ\u00f3mica que muestra Chile, y que se expresa en que la inflaci\u00f3n<\/p>\n<p class=\"paragraph\" data-mrf-recirculation=\"Links inline\">no es tan alta como la que se previ\u00f3 ni la ca\u00edda en el crecimiento tan fuerte como se pens\u00f3.<\/p>\n<p data-mrf-recirculation=\"Links inline\">\n<p class=\"paragraph\" data-mrf-recirculation=\"Links inline\"><b>\u00bfY de la gira por Europa?<\/b><\/p>\n<p class=\"paragraph\" data-mrf-recirculation=\"Links inline\">Se ha instalado como un aliado con alto grado de autonom\u00eda de Lula, eso lo diferencia de algunos pa\u00edses de la regi\u00f3n.<\/p>\n<p class=\"paragraph\" data-mrf-recirculation=\"Links inline\">Chile aparece atractivo para pa\u00edses europeos,<\/p>\n<p class=\"paragraph\" data-mrf-recirculation=\"Links inline\">Estados unidos, por cierto, pero tambi\u00e9n deja la puerta abierta para las inversiones chinas.<\/p>\n<p data-mrf-recirculation=\"Links inline\">\n<p class=\"paragraph\" data-mrf-recirculation=\"Links inline\"><b>\u00bfQu\u00e9 hay de su pol\u00edtica exterior?<\/b><\/p>\n<p class=\"paragraph\" data-mrf-recirculation=\"Links inline\">Considerando que se conmemoran los 50 a\u00f1os del Golpe, insiste en instalar el tema de los derechos humanos.<\/p>\n<p class=\"paragraph\" data-mrf-recirculation=\"Links inline\">Tal vez es en el flanco internacional donde Boric logra permear su visi\u00f3n m\u00e1s bien progresista de la pol\u00edtica, y as\u00ed logra<\/p>\n<p class=\"paragraph\" data-mrf-recirculation=\"Links inline\">por ejemplo, relacionarse s\u00faper bien con Emmanuel Macron, con Justin Trudeau o con Olaf Scholz de Alemania.<\/p>\n<p class=\"paragraph\" data-mrf-recirculation=\"Links inline\">Y, claro, eso tal vez no lo haga quedar muy bien a nivel latinoamericano e incluso a nivel interno, pero de todas formas<\/p>\n<p class=\"paragraph\" data-mrf-recirculation=\"Links inline\">logra instalar una agenda muy clara de Chile a nivel internacional. <strong>(I)<\/strong><\/p>\n<p data-mrf-recirculation=\"Links inline\">\n<p data-mrf-recirculation=\"Links inline\">Fuente: evafm.net &#8211; infobae.com<\/p>\n<p data-mrf-recirculation=\"Links inline\">\n<p data-mrf-recirculation=\"Links inline\">\n<div class=\"gsp_post_data\" \r\n\t            data-post_type=\"post\" \r\n\t            data-cat=\"noticias-internacionales\" \r\n\t            data-modified=\"120\"\r\n\t            data-created=\"1690745694\"\r\n\t            data-title=\"Gabriel Boric, en su peor momento en Chile\" \r\n\t            data-home=\"https:\/\/www.evafm.net\/sitio\"><\/div>","protected":false},"excerpt":{"rendered":"<p>(Desde Santiago de Chile)\u00a0La pista se le hab\u00eda vuelto compleja desde un primer momento al presidente\u00a0Gabriel Boric. Pero eso no ha sido nada comparado con el turbulento transitar que ha tenido el gobierno en estos \u00faltimos cuatro meses. Entre marzo y abril, los asesinatos de los carabineros Rita Olivares y Daniel Palma obligaron al gobierno&#8230;<\/p>\n","protected":false},"author":5,"featured_media":75125,"comment_status":"closed","ping_status":"open","sticky":false,"template":"","format":"standard","meta":{"_joinchat":[],"footnotes":""},"categories":[1345],"tags":[],"class_list":["post-75124","post","type-post","status-publish","format-standard","has-post-thumbnail","hentry","category-noticias-internacionales","have-post-thumb"],"_links":{"self":[{"href":"https:\/\/www.evafm.net\/sitio\/wp-json\/wp\/v2\/posts\/75124","targetHints":{"allow":["GET"]}}],"collection":[{"href":"https:\/\/www.evafm.net\/sitio\/wp-json\/wp\/v2\/posts"}],"about":[{"href":"https:\/\/www.evafm.net\/sitio\/wp-json\/wp\/v2\/types\/post"}],"author":[{"embeddable":true,"href":"https:\/\/www.evafm.net\/sitio\/wp-json\/wp\/v2\/users\/5"}],"replies":[{"embeddable":true,"href":"https:\/\/www.evafm.net\/sitio\/wp-json\/wp\/v2\/comments?post=75124"}],"version-history":[{"count":1,"href":"https:\/\/www.evafm.net\/sitio\/wp-json\/wp\/v2\/posts\/75124\/revisions"}],"predecessor-version":[{"id":75126,"href":"https:\/\/www.evafm.net\/sitio\/wp-json\/wp\/v2\/posts\/75124\/revisions\/75126"}],"wp:featuredmedia":[{"embeddable":true,"href":"https:\/\/www.evafm.net\/sitio\/wp-json\/wp\/v2\/media\/75125"}],"wp:attachment":[{"href":"https:\/\/www.evafm.net\/sitio\/wp-json\/wp\/v2\/media?parent=75124"}],"wp:term":[{"taxonomy":"category","embeddable":true,"href":"https:\/\/www.evafm.net\/sitio\/wp-json\/wp\/v2\/categories?post=75124"},{"taxonomy":"post_tag","embeddable":true,"href":"https:\/\/www.evafm.net\/sitio\/wp-json\/wp\/v2\/tags?post=75124"}],"curies":[{"name":"wp","href":"https:\/\/api.w.org\/{rel}","templated":true}]}}