{"id":75127,"date":"2023-07-31T18:37:18","date_gmt":"2023-07-31T23:37:18","guid":{"rendered":"https:\/\/www.evafm.net\/sitio\/?p=75127"},"modified":"2023-07-31T18:37:18","modified_gmt":"2023-07-31T23:37:18","slug":"jesus-trindade-ofrecio-rueda-de-prensa","status":"publish","type":"post","link":"https:\/\/www.evafm.net\/sitio\/jesus-trindade-ofrecio-rueda-de-prensa\/","title":{"rendered":"Jesus Trindade ofreci\u00f3 rueda de prensa"},"content":{"rendered":"<p><strong>Jes\u00fas Trindade es el nuevo refuerzo de Barcelona. <\/strong><\/p>\n<p>El uruguayo arrib\u00f3 en la noche del viernes 28 de julio a Guayaquil.<\/p>\n<p>\u201cEstoy muy contento de jugar en un club tan grande como Barcelona, espero estar a la altura de esta camiseta\u201d<\/p>\n<p>dijo en su llegada al pa\u00eds.<\/p>\n<p>El s\u00e1bado 29 de julio se someti\u00f3 a los chequeos m\u00e9dicos y, tras los resultados de las evaluaciones, firm\u00f3 su<\/p>\n<p>contrato con el club.<\/p>\n<p>Este lunes 31 de julio, Trindade fue oficialmente presentado en una rueda de prensa en Guayaquil.<\/p>\n<p>\u201cMe sent\u00ed muy c\u00f3modo en mi primer entrenamiento.<\/p>\n<p>A Diego L\u00f3pez (DT de Barcelona) lo conozco y s\u00e9 de su forma de trabajar\u201d, expres\u00f3 el uruguayo.<\/p>\n<p>Trindade fue dirigido por L\u00f3pez en su \u00e9poca en Pe\u00f1arol.<\/p>\n<p>\u201cHe tenido buenas temporadas, pero con \u00e9l mejor\u00e9 mucho, \u00e9l me dio seguridad y confianza\u201d.<\/p>\n<p>Trindade se form\u00f3 en las inferiores del Racing Club uruguayo.<\/p>\n<p>Luego tuvo etapas en Pe\u00f1arol, Pachuca y Coritiba.<\/p>\n<p>El futbolista se desempe\u00f1a como volante defensivo y tambi\u00e9n ha jugado como lateral en ambas bandas.<\/p>\n<p><small><\/small><\/p>\n<p>Durante su etapa en Curitiba, el mediocampista fue separado de su equipo por estar bajo sospecha<\/p>\n<p>en un esquema de arreglos de partidos.<\/p>\n<p>Otro futbolista involucrado en este caso fue el ecuatoriano Bryan Garc\u00eda.<\/p>\n<p>El uruguayo ser\u00e1 el quinto fichaje de Barcelona para esta segunda etapa, luego de las contrataciones de<\/p>\n<p><strong>Pedro Pablo Perlaza, Bryan Caicedo, Joan Casta\u00f1o y Jefferson Arce. (D)<\/strong><\/p>\n<p><iframe title=\"Rueda de prensa - 31 - 07 - 23\" width=\"1200\" height=\"675\" src=\"https:\/\/www.youtube.com\/embed\/SVNG6UKTaPw?feature=oembed\" frameborder=\"0\" allow=\"accelerometer; autoplay; clipboard-write; encrypted-media; gyroscope; picture-in-picture; web-share\" referrerpolicy=\"strict-origin-when-cross-origin\" allowfullscreen><\/iframe><\/p>\n<p>&nbsp;<\/p>\n<p>Fuente: evafm.net &#8211; primicias.ec<\/p>\n<div class=\"gsp_post_data\" \r\n\t            data-post_type=\"post\" \r\n\t            data-cat=\"deportes-ecuador,general\" \r\n\t            data-modified=\"120\"\r\n\t            data-created=\"1690828638\"\r\n\t            data-title=\"Jesus Trindade ofreci\u00f3 rueda de prensa\" \r\n\t            data-home=\"https:\/\/www.evafm.net\/sitio\"><\/div>","protected":false},"excerpt":{"rendered":"<p>Jes\u00fas Trindade es el nuevo refuerzo de Barcelona. El uruguayo arrib\u00f3 en la noche del viernes 28 de julio a Guayaquil. \u201cEstoy muy contento de jugar en un club tan grande como Barcelona, espero estar a la altura de esta camiseta\u201d dijo en su llegada al pa\u00eds. El s\u00e1bado 29 de julio se someti\u00f3 a&#8230;<\/p>\n","protected":false},"author":5,"featured_media":75128,"comment_status":"closed","ping_status":"open","sticky":false,"template":"","format":"standard","meta":{"_joinchat":[],"footnotes":""},"categories":[1557,1720],"tags":[],"class_list":["post-75127","post","type-post","status-publish","format-standard","has-post-thumbnail","hentry","category-deportes-ecuador","category-general","have-post-thumb"],"_links":{"self":[{"href":"https:\/\/www.evafm.net\/sitio\/wp-json\/wp\/v2\/posts\/75127","targetHints":{"allow":["GET"]}}],"collection":[{"href":"https:\/\/www.evafm.net\/sitio\/wp-json\/wp\/v2\/posts"}],"about":[{"href":"https:\/\/www.evafm.net\/sitio\/wp-json\/wp\/v2\/types\/post"}],"author":[{"embeddable":true,"href":"https:\/\/www.evafm.net\/sitio\/wp-json\/wp\/v2\/users\/5"}],"replies":[{"embeddable":true,"href":"https:\/\/www.evafm.net\/sitio\/wp-json\/wp\/v2\/comments?post=75127"}],"version-history":[{"count":1,"href":"https:\/\/www.evafm.net\/sitio\/wp-json\/wp\/v2\/posts\/75127\/revisions"}],"predecessor-version":[{"id":75129,"href":"https:\/\/www.evafm.net\/sitio\/wp-json\/wp\/v2\/posts\/75127\/revisions\/75129"}],"wp:featuredmedia":[{"embeddable":true,"href":"https:\/\/www.evafm.net\/sitio\/wp-json\/wp\/v2\/media\/75128"}],"wp:attachment":[{"href":"https:\/\/www.evafm.net\/sitio\/wp-json\/wp\/v2\/media?parent=75127"}],"wp:term":[{"taxonomy":"category","embeddable":true,"href":"https:\/\/www.evafm.net\/sitio\/wp-json\/wp\/v2\/categories?post=75127"},{"taxonomy":"post_tag","embeddable":true,"href":"https:\/\/www.evafm.net\/sitio\/wp-json\/wp\/v2\/tags?post=75127"}],"curies":[{"name":"wp","href":"https:\/\/api.w.org\/{rel}","templated":true}]}}