{"id":75131,"date":"2023-07-31T18:43:35","date_gmt":"2023-07-31T23:43:35","guid":{"rendered":"https:\/\/www.evafm.net\/sitio\/?p=75131"},"modified":"2023-07-31T18:43:35","modified_gmt":"2023-07-31T23:43:35","slug":"jaime-ayovi-es-nuevo-refuerzo-de-emelec","status":"publish","type":"post","link":"https:\/\/www.evafm.net\/sitio\/jaime-ayovi-es-nuevo-refuerzo-de-emelec\/","title":{"rendered":"Jaime Ayov\u00ed es nuevo refuerzo de Emelec"},"content":{"rendered":"<p>Emelec hizo oficial la contrataci\u00f3n de Jaime <strong>\u2018La Yoya\u2019<\/strong> Ayov\u00ed, a un d\u00eda del cierre mercado de pases de la <strong>LigaPro 2023. <\/strong><\/p>\n<p>El delantero llega en condici\u00f3n de libre, despu\u00e9s de haber jugado en el <strong>Genclerbirligi de Turqu\u00eda<\/strong> durante seis meses.<\/p>\n<p>All\u00ed jug\u00f3 12 partidos y anot\u00f3 un gol.<\/p>\n<p>Ayov\u00ed regresa al f\u00fatbol ecuatoriano tras su paso por Independiente del Valle (2022), en donde no tuvo regularidad y jug\u00f3<\/p>\n<p>una temporada.<\/p>\n<p>Ahora, el atacante de 35 a\u00f1os cumplir\u00e1 su tercera etapa con el \u2018bombillo\u2019.<\/p>\n<p>Estuvo entre 2006 y 2009 y desde 2009 hasta 2011.<\/p>\n<p><strong>Jaime Ayov\u00ed <\/strong>se convierte en el tercer refuerzo de Emelec para la Etapa 2 de la LigaPro.<\/p>\n<p><strong>Ya contrat\u00f3 a Dixon Vera y a Michael Carcel\u00e9n. (D)<\/strong><\/p>\n<div class=\"css-1dbjc4n r-18u37iz r-kzbkwu\">\n<div class=\"css-1dbjc4n r-eqz5dr r-1777fci r-4amgru r-1kh6xel\">\n<div class=\"css-1dbjc4n r-1ny4l3l\">\n<div class=\"css-1dbjc4n r-1wbh5a2 r-dnmrzs r-1ny4l3l\">\n<div class=\"css-1dbjc4n r-1wbh5a2 r-dnmrzs r-1ny4l3l\">\n<div class=\"css-1dbjc4n r-1awozwy r-18u37iz r-1wbh5a2\">\n<div class=\"css-1dbjc4n\">\n<div class=\"css-901oao css-1hf3ou5 r-14j79pv r-18u37iz r-1qd0xha r-1wvb978 r-a023e6 r-16dba41 r-rjixqe r-bcqeeo r-qvutc0\" dir=\"ltr\"><strong><span class=\"css-901oao css-16my406 r-poiln3 r-bcqeeo r-qvutc0\">@CSEmelec<\/span><\/strong><\/div>\n<\/div>\n<div class=\"css-1dbjc4n r-18u37iz r-1q142lx\">\n<div class=\"css-901oao r-14j79pv r-1q142lx r-1qd0xha r-a023e6 r-16dba41 r-rjixqe r-bcqeeo r-s1qlax r-qvutc0\" dir=\"auto\" aria-hidden=\"true\"><\/div>\n<\/div>\n<\/div>\n<\/div>\n<\/div>\n<\/div>\n<\/div>\n<\/div>\n<div class=\"css-1dbjc4n\">\n<div class=\"css-901oao r-18jsvk2 r-1dqbpge r-1qd0xha r-adyw6z r-16dba41 r-135wba7 r-bcqeeo r-bnwqim r-qvutc0\" dir=\"auto\" lang=\"es\" data-testid=\"tweetText\"><span class=\"css-901oao css-16my406 r-poiln3 r-bcqeeo r-qvutc0\"> Jaime Ayovi es el nuevo delantero del <\/span><strong><span class=\"r-18u37iz\">#Bombillo<\/span><\/strong> <span class=\"css-901oao css-16my406 r-poiln3 r-bcqeeo r-qvutc0\"> Jaime llega al Club Sport Emelec <\/span><\/div>\n<div class=\"css-901oao r-18jsvk2 r-1dqbpge r-1qd0xha r-adyw6z r-16dba41 r-135wba7 r-bcqeeo r-bnwqim r-qvutc0\" dir=\"auto\" lang=\"es\" data-testid=\"tweetText\"><span class=\"css-901oao css-16my406 r-poiln3 r-bcqeeo r-qvutc0\">por 1 a\u00f1o en condici\u00f3n de jugador libre. \u00a1Bienvenido Yoya!<\/span><\/div>\n<\/div>\n<p>&nbsp;<\/p>\n<p><img decoding=\"async\" src=\"https:\/\/pbs.twimg.com\/media\/F2YM7p9XwAAO3cB?format=jpg&amp;name=small\" alt=\"Imagen\" \/><\/p>\n<p>&nbsp;<\/p>\n<p>Fuente: evafm.net &#8211; primicias.ec<\/p>\n<p>&nbsp;<\/p>\n<div class=\"gsp_post_data\" \r\n\t            data-post_type=\"post\" \r\n\t            data-cat=\"deportes-ecuador\" \r\n\t            data-modified=\"120\"\r\n\t            data-created=\"1690829015\"\r\n\t            data-title=\"Jaime Ayov\u00ed es nuevo refuerzo de Emelec\" \r\n\t            data-home=\"https:\/\/www.evafm.net\/sitio\"><\/div>","protected":false},"excerpt":{"rendered":"<p>Emelec hizo oficial la contrataci\u00f3n de Jaime \u2018La Yoya\u2019 Ayov\u00ed, a un d\u00eda del cierre mercado de pases de la LigaPro 2023. El delantero llega en condici\u00f3n de libre, despu\u00e9s de haber jugado en el Genclerbirligi de Turqu\u00eda durante seis meses. All\u00ed jug\u00f3 12 partidos y anot\u00f3 un gol. Ayov\u00ed regresa al f\u00fatbol ecuatoriano tras&#8230;<\/p>\n","protected":false},"author":5,"featured_media":75132,"comment_status":"closed","ping_status":"open","sticky":false,"template":"","format":"standard","meta":{"_joinchat":[],"footnotes":""},"categories":[1557],"tags":[],"class_list":["post-75131","post","type-post","status-publish","format-standard","has-post-thumbnail","hentry","category-deportes-ecuador","have-post-thumb"],"_links":{"self":[{"href":"https:\/\/www.evafm.net\/sitio\/wp-json\/wp\/v2\/posts\/75131","targetHints":{"allow":["GET"]}}],"collection":[{"href":"https:\/\/www.evafm.net\/sitio\/wp-json\/wp\/v2\/posts"}],"about":[{"href":"https:\/\/www.evafm.net\/sitio\/wp-json\/wp\/v2\/types\/post"}],"author":[{"embeddable":true,"href":"https:\/\/www.evafm.net\/sitio\/wp-json\/wp\/v2\/users\/5"}],"replies":[{"embeddable":true,"href":"https:\/\/www.evafm.net\/sitio\/wp-json\/wp\/v2\/comments?post=75131"}],"version-history":[{"count":1,"href":"https:\/\/www.evafm.net\/sitio\/wp-json\/wp\/v2\/posts\/75131\/revisions"}],"predecessor-version":[{"id":75133,"href":"https:\/\/www.evafm.net\/sitio\/wp-json\/wp\/v2\/posts\/75131\/revisions\/75133"}],"wp:featuredmedia":[{"embeddable":true,"href":"https:\/\/www.evafm.net\/sitio\/wp-json\/wp\/v2\/media\/75132"}],"wp:attachment":[{"href":"https:\/\/www.evafm.net\/sitio\/wp-json\/wp\/v2\/media?parent=75131"}],"wp:term":[{"taxonomy":"category","embeddable":true,"href":"https:\/\/www.evafm.net\/sitio\/wp-json\/wp\/v2\/categories?post=75131"},{"taxonomy":"post_tag","embeddable":true,"href":"https:\/\/www.evafm.net\/sitio\/wp-json\/wp\/v2\/tags?post=75131"}],"curies":[{"name":"wp","href":"https:\/\/api.w.org\/{rel}","templated":true}]}}